{"id":16745,"date":"2024-06-19T21:34:48","date_gmt":"2024-06-20T03:34:48","guid":{"rendered":"https:\/\/revistaacropolis.com\/?p=16745"},"modified":"2024-06-19T21:34:50","modified_gmt":"2024-06-20T03:34:50","slug":"designan-a-alcalde-suplente-de-tulancingo-dara-prioridad-a-entrega-recepcion-afirma","status":"publish","type":"post","link":"https:\/\/revistaacropolis.com\/index.php\/designan-a-alcalde-suplente-de-tulancingo-dara-prioridad-a-entrega-recepcion-afirma\/politica\/","title":{"rendered":"Designan a alcalde suplente de Tulancingo; dar\u00e1 prioridad a entrega-recepci\u00f3n, afirma"},"content":{"rendered":"\n<p>Tras ser designado <strong>presidente municipal sustituto de Tulancingo<\/strong>, <strong>Eusebio Crist\u00f3bal Aquileo Hern\u00e1ndez Apan dijo que en el cierre de la administraci\u00f3n municipal, que le tocar\u00e1 encabezar, la prioridad es el proceso de entrega-recepci\u00f3n, <\/strong>pues considera que no hay temas o pendientes que preocupen en la recta final del ayuntamiento 2020-2024.<\/p>\n\n\n\n<p>Este d\u00eda, el <strong>Congreso estatal tom\u00f3 posesi\u00f3n a Hern\u00e1ndez Apan como mandatario local, a dos meses y medio de la conclusi\u00f3n de las actuales administraciones municipios<\/strong>, luego de que Jos\u00e9 Rub\u00e9n Hern\u00e1ndez Ortega declinara a tomar el cargo como alcalde suplente, as\u00ed como todos los integrantes del Cabildo, por el fallecimiento Jorge M\u00e1rquez Alvarado el pasado 30 de mayo.\u00a0<\/p>\n\n\n\n<p>Dijo que como prioridad principal tendr\u00e1 la entrega-recepci\u00f3n, proceso que, dijo, <strong>se vino trabajando desde hace mucho tiempo con el difunto alcalde<\/strong>, as\u00ed como vigilar que todas las \u00e1reas funcionan adecuadamente.<\/p>\n\n\n\n<p>Consider\u00f3 que el trabajo que le tocar\u00e1 al cerrar la administraci\u00f3n implica \u201cuna gran responsabilidad\u201d.<\/p>\n\n\n\n<figure class=\"wp-block-pullquote\"><blockquote><p>Yo creo que bien, yo creo que se encuentra bien, no tenemos un tema que nos preocupe en espec\u00edfico, y si en estos meses surgiera una situaci\u00f3n, habremos de atenderla como se tiene que atender\u201d, sostuvo el alcalde sustituto al preguntarle c\u00f3mo se encuentra el municipio.<\/p><\/blockquote><\/figure>\n\n\n\n<p>Respecto a otros pendientes que observa, pues se desempe\u00f1aba como secretario general de Tulancingo, dijo que los \u00fanicos tiene que ver con el Plan Municipal de Desarrollo, con un 80 por ciento del cumplimiento.<\/p>\n\n\n\n<h3 class=\"wp-block-heading\">SEGURIDAD Y D\u00c9FICIT POLICIAL<\/h3>\n\n\n\n<p>En materia de seguridad, refiri\u00f3 que est\u00e1n \u201cbien\u201d; no obstante, <strong>reconoci\u00f3 que faltan m\u00e1s elementos policiacos de la demarcaci\u00f3n, <\/strong>pues dijo que cuentan con alrededor de 190 polic\u00edas municipales.<\/p>\n\n\n\n<p>Indic\u00f3 que<strong> el d\u00e9ficit es menor a 100 los uniformados para cumplir con el m\u00ednimo que se requiere<\/strong>, de acuerdo a la cantidad de personas que viven en Tulancingo.\u00a0<\/p>\n\n\n\n<p>Hern\u00e1ndez Apan afirm\u00f3 que el mandato de M\u00e1rquez Alvarado se hicieron varias convocatorias para reclutar elemento de Seguridad P\u00fablica; sin embargo, no existi\u00f3 una gran participaci\u00f3n e inter\u00e9s de la poblaci\u00f3n para ser polic\u00eda municipal.<\/p>\n\n\n\n<p>Como parte de las acciones que emprender\u00e1 en los dos meses y medio que estar\u00e1 al frente de la alcald\u00eda, <strong>adelant\u00f3 emitir\u00e1 otra convocatoria para incrementar el estado de fuerza y acercarse al m\u00ednimo requerido de agentes municipales.<\/strong><\/p>\n\n\n\n<p>El alcalde sustituto asegur\u00f3 que se har\u00e1n \u201clas cosas bien\u201d, por lo que pidi\u00f3 no preocuparse a la ciudadan\u00eda.<\/p>\n\n\n\n<figure class=\"wp-block-pullquote\"><blockquote><p>Habremos de estar muy pendientes de todas las \u00e1reas para seguir la m\u00edstica que nuestro entra\u00f1able amigo (Jorge M\u00e1rquez) ven\u00eda realizando en todas las \u00e1reas, en todas las secretar\u00edas, en todas las direcciones, ese es el mensaje, que no se preocupen, vamos a hacer las cosas bien\u201d, manifest\u00f3.<\/p><\/blockquote><\/figure>\n\n\n\n<p>Llam\u00f3 a sus subalternos y compa\u00f1eros en la administraci\u00f3n local&nbsp; a que, en aras del \u201clegado\u201d que dej\u00f3 su antecesor, se hagan las cosas bien y se entregue la administraci\u00f3n correcta y adecuadamente, en tiempo y forma, con respeto a los lineamientos de la Auditor\u00eda Superior y de la Ley de Entrega-Recepci\u00f3n.<\/p>\n","protected":false},"excerpt":{"rendered":"<p>Tras ser designado presidente municipal sustituto de Tulancingo, Eusebio Crist\u00f3bal Aquileo Hern\u00e1ndez Apan dijo que en el cierre de la administraci\u00f3n municipal, que le tocar\u00e1 encabezar, la prioridad es el&hellip; <\/p>\n","protected":false},"author":4,"featured_media":16746,"comment_status":"closed","ping_status":"closed","sticky":false,"template":"","format":"standard","meta":{"two_page_speed":[],"_joinchat":[],"footnotes":""},"categories":[1],"tags":[864,245,1086],"class_list":["post-16745","post","type-post","status-publish","format-standard","has-post-thumbnail","hentry","category-politica","tag-alcalde","tag-congreso","tag-tulancingo"],"_links":{"self":[{"href":"https:\/\/revistaacropolis.com\/index.php\/wp-json\/wp\/v2\/posts\/16745","targetHints":{"allow":["GET"]}}],"collection":[{"href":"https:\/\/revistaacropolis.com\/index.php\/wp-json\/wp\/v2\/posts"}],"about":[{"href":"https:\/\/revistaacropolis.com\/index.php\/wp-json\/wp\/v2\/types\/post"}],"author":[{"embeddable":true,"href":"https:\/\/revistaacropolis.com\/index.php\/wp-json\/wp\/v2\/users\/4"}],"replies":[{"embeddable":true,"href":"https:\/\/revistaacropolis.com\/index.php\/wp-json\/wp\/v2\/comments?post=16745"}],"version-history":[{"count":1,"href":"https:\/\/revistaacropolis.com\/index.php\/wp-json\/wp\/v2\/posts\/16745\/revisions"}],"predecessor-version":[{"id":16747,"href":"https:\/\/revistaacropolis.com\/index.php\/wp-json\/wp\/v2\/posts\/16745\/revisions\/16747"}],"wp:featuredmedia":[{"embeddable":true,"href":"https:\/\/revistaacropolis.com\/index.php\/wp-json\/wp\/v2\/media\/16746"}],"wp:attachment":[{"href":"https:\/\/revistaacropolis.com\/index.php\/wp-json\/wp\/v2\/media?parent=16745"}],"wp:term":[{"taxonomy":"category","embeddable":true,"href":"https:\/\/revistaacropolis.com\/index.php\/wp-json\/wp\/v2\/categories?post=16745"},{"taxonomy":"post_tag","embeddable":true,"href":"https:\/\/revistaacropolis.com\/index.php\/wp-json\/wp\/v2\/tags?post=16745"}],"curies":[{"name":"wp","href":"https:\/\/api.w.org\/{rel}","templated":true}]}}