{"id":16836,"date":"2024-06-25T18:24:03","date_gmt":"2024-06-26T00:24:03","guid":{"rendered":"https:\/\/revistaacropolis.com\/?p=16836"},"modified":"2024-06-25T18:24:05","modified_gmt":"2024-06-26T00:24:05","slug":"presentan-iniciativa-para-prorrogar-transicion-a-fiscalia-general-de-justicia-hasta-2025","status":"publish","type":"post","link":"https:\/\/revistaacropolis.com\/index.php\/presentan-iniciativa-para-prorrogar-transicion-a-fiscalia-general-de-justicia-hasta-2025\/politica\/","title":{"rendered":"Presentan iniciativa para prorrogar transici\u00f3n a Fiscal\u00eda General de Justicia hasta 2025"},"content":{"rendered":"\n<p>Las presidentes las comisiones de Legislaci\u00f3n y Puntos Constitucionales, de Hacienda y Presupuesto, as\u00ed como la de Seguridad Ciudadana y Justicia, <strong>presentaron al pleno del Congreso de Hidalgo la propuesta para reforma al art\u00edculo tercero transitorio del decreto 218, con el cual se aprob\u00f3 el cambio constitucional de Procuradur\u00eda a Fiscal\u00eda General de Justicia estatal (FGJH),<\/strong> para prolongar el periodo de transici\u00f3n y que se concrete, a m\u00e1s tardar, el 28 de febrero de 2025.<\/p>\n\n\n\n<p>Despu\u00e9s de que la semana pasada se inform\u00f3 que la Comisi\u00f3n Interinstitucional de Transici\u00f3n de Procuradur\u00eda la General de Justicia de Hidalgo (PGJH) a la FGJH <strong>pidi\u00f3 prolongarlo medio a\u00f1o m\u00e1s el proceso, que deb\u00eda cumplirse al 22 de julio de 2024, se present\u00f3 la iniciativa que contiene la petici\u00f3n de pr\u00f3rroga.<\/strong><\/p>\n\n\n\n<p>El presidente de la Comisi\u00f3n de Seguridad Ciudadana y Justicia integrante del ente interinstitucional, el diputado Octavio Maga\u00f1a Soto, <strong>expuso los motivos por los de la propuesta para reforma al tercero transitorio del decreto.<\/strong><\/p>\n\n\n\n<p>El legislador <strong>enunci\u00f3 varios trabajos efectuados en casi dos a\u00f1os y el proceso de la conformaci\u00f3n del proyecto de transici\u00f3n;<\/strong> entre ellos, la creaci\u00f3n de la Direcci\u00f3n General de Transici\u00f3n, la Secretar\u00eda T\u00e9cnica de la comisi\u00f3n y la designaci\u00f3n de su titular, el reglamento interno de la misma y la formulaci\u00f3n de acuerdos para la creaci\u00f3n de nuevas \u00e1reas para la fiscal\u00eda.<\/p>\n\n\n\n<p>Adem\u00e1s, la realizaci\u00f3n del estudio interno de costos para el proceso de planeaci\u00f3n de transici\u00f3n, un diagn\u00f3stico situacional, c\u00e1lculos de costos de la transici\u00f3n, as\u00ed como la ejecuci\u00f3n de la instituci\u00f3n como fiscal\u00eda en estructura organizacional y en su estructura jur\u00eddica.<\/p>\n\n\n\n<p>Tambi\u00e9n el nuevo plan de persecuci\u00f3n penal, <strong>la conformaci\u00f3n del Consejo Consultivo de la PGJH, as\u00ed como acciones realizadas en el proceso de transici\u00f3n (operativas, gerenciales, legislativas, presupuestales y administrativas).<\/strong><\/p>\n\n\n\n<p>Agreg\u00f3 que actualmente cuenta con un borrador que contiene la Ley Org\u00e1nica de la FGJH que contemplan 69 art\u00edculos distribuidos en 14 cap\u00edtulos.<\/p>\n\n\n\n<p><strong>Record\u00f3 que el pasado 6 de junio, durante sesi\u00f3n del Consejo Consultivo de la PGHH como \u00f3rgano colegiado, <\/strong>se determin\u00f3 solicitar la pr\u00f3rroga.<\/p>\n\n\n\n<figure class=\"wp-block-pullquote\"><blockquote><p>Que dada la complejidad que implica la transformaci\u00f3n de esta instituci\u00f3n, estima viable y pertinente instar a la Comisi\u00f3n Interinstitucional para solicitar al Poder Legislativo extender el periodo se\u00f1alado para la conclusi\u00f3n del proceso de transici\u00f3n de la Procuradur\u00eda General de la Justicia del Estado de Hidalgo a Fiscal\u00eda General, con el objetivo de transitar de forma integral, en aras de consolidar una instituci\u00f3n funcional que cumpla cabalmente con su mandato constitucional\u201d, manifest\u00f3 Maga\u00f1a Soto.<\/p><\/blockquote><\/figure>\n\n\n\n<p>En tanto, explic\u00f3, el 18 de junio la Comisi\u00f3n Interinstitucional <strong>sesion\u00f3 de manera extraordinaria para dar a conocer el resolutivo, la cual se aprob\u00f3 por unanimidad, y el 21 de junio se recibi\u00f3 el oficio por parte de David Maga\u00f1a Mu\u00f1oz, secretario t\u00e9cnico de la comisi\u00f3n,<\/strong> para solicitar al Congreso local la pr\u00f3rroga, para \u201cgarantizar una verdadera transici\u00f3n\u201d, como un ente aut\u00f3nomo.<\/p>\n\n\n\n<p>Tras su presentaci\u00f3n en el pleno, <strong>se turn\u00f3 a la Comisi\u00f3n de Legislaci\u00f3n y Puntos Constitucionales para su an\u00e1lisis y discusi\u00f3n.<\/strong><\/p>\n\n\n\n<p><strong>LO QUE SIGUE PARA LA PR\u00d3RROGA<\/strong><\/p>\n\n\n\n<p>En entrevista, Maga\u00f1a Soto <strong>refiri\u00f3 que al ser un art\u00edculo transitorio de una reforma constitucional en materia de fiscal\u00eda,<\/strong> la mitad m\u00e1s uno de los cabildos de los 84 municipios deben aprobar la pr\u00f3rroga.<\/p>\n\n\n\n<p>Abund\u00f3 que una vez que se haga entrega de las actas de Cabildo, <strong>se dictamina en la Comisi\u00f3n de Legislaci\u00f3n y Puntos Constitucionales para que sea votada, entre en vigor<\/strong> y sea publicada en el Peri\u00f3dico Oficial del Estado de Hidalgo (POEH).<\/p>\n\n\n\n<p>Sobre las suspicacias que se puedan generar respecto a que Hidalgo <strong>es el \u00fanico estado sin fiscal\u00eda, el legislador del distrito de Tula de Allende dijo que son \u201cpocos meses\u201d<\/strong> los que se busca prorrogar el proceso comparado con lo que ha pasado con otras entidades, que se ha extendido hasta cinco a\u00f1os la transici\u00f3n.<\/p>\n\n\n\n<blockquote class=\"wp-block-quote is-layout-flow wp-block-quote-is-layout-flow\">\n<p>Hay varios ejemplos, inclusive estados que esta transici\u00f3n se ha prolongado a cuatro a\u00f1os, tres a\u00f1os, cinco a\u00f1os, en este caso nosotros empezamos hace dos a\u00f1os, ya se est\u00e1 ejerciendo un presupuesto de estos dos a\u00f1os para esta transici\u00f3n y ahorita nada m\u00e1s lo que se est\u00e1 extendiendo, que son pocos meses, de aqu\u00ed a febrero\u201d, plante\u00f3.<\/p>\n<\/blockquote>\n\n\n\n<p>De acuerdo con la modificaci\u00f3n planteada, <strong>la conclusi\u00f3n del proceso de transici\u00f3n a la FGJH, que debe concretarse en un lapso \u201cno mayor de dos a\u00f1os\u201d, se pretende terminar \u201ca m\u00e1s tardar el 28 de febrero de 2025\u201d.<\/strong><\/p>\n","protected":false},"excerpt":{"rendered":"<p>Las presidentes las comisiones de Legislaci\u00f3n y Puntos Constitucionales, de Hacienda y Presupuesto, as\u00ed como la de Seguridad Ciudadana y Justicia, presentaron al pleno del Congreso de Hidalgo la propuesta&hellip; <\/p>\n","protected":false},"author":14,"featured_media":16837,"comment_status":"closed","ping_status":"closed","sticky":false,"template":"","format":"standard","meta":{"two_page_speed":[],"_joinchat":[],"footnotes":""},"categories":[1],"tags":[2752,89,2753,175],"class_list":["post-16836","post","type-post","status-publish","format-standard","has-post-thumbnail","hentry","category-politica","tag-fiscalia-general-justicia","tag-hidalgo","tag-magana-soto","tag-pgjh"],"_links":{"self":[{"href":"https:\/\/revistaacropolis.com\/index.php\/wp-json\/wp\/v2\/posts\/16836","targetHints":{"allow":["GET"]}}],"collection":[{"href":"https:\/\/revistaacropolis.com\/index.php\/wp-json\/wp\/v2\/posts"}],"about":[{"href":"https:\/\/revistaacropolis.com\/index.php\/wp-json\/wp\/v2\/types\/post"}],"author":[{"embeddable":true,"href":"https:\/\/revistaacropolis.com\/index.php\/wp-json\/wp\/v2\/users\/14"}],"replies":[{"embeddable":true,"href":"https:\/\/revistaacropolis.com\/index.php\/wp-json\/wp\/v2\/comments?post=16836"}],"version-history":[{"count":1,"href":"https:\/\/revistaacropolis.com\/index.php\/wp-json\/wp\/v2\/posts\/16836\/revisions"}],"predecessor-version":[{"id":16838,"href":"https:\/\/revistaacropolis.com\/index.php\/wp-json\/wp\/v2\/posts\/16836\/revisions\/16838"}],"wp:featuredmedia":[{"embeddable":true,"href":"https:\/\/revistaacropolis.com\/index.php\/wp-json\/wp\/v2\/media\/16837"}],"wp:attachment":[{"href":"https:\/\/revistaacropolis.com\/index.php\/wp-json\/wp\/v2\/media?parent=16836"}],"wp:term":[{"taxonomy":"category","embeddable":true,"href":"https:\/\/revistaacropolis.com\/index.php\/wp-json\/wp\/v2\/categories?post=16836"},{"taxonomy":"post_tag","embeddable":true,"href":"https:\/\/revistaacropolis.com\/index.php\/wp-json\/wp\/v2\/tags?post=16836"}],"curies":[{"name":"wp","href":"https:\/\/api.w.org\/{rel}","templated":true}]}}