{"id":16911,"date":"2024-06-27T10:02:36","date_gmt":"2024-06-27T16:02:36","guid":{"rendered":"https:\/\/revistaacropolis.com\/?p=16911"},"modified":"2024-06-27T10:02:39","modified_gmt":"2024-06-27T16:02:39","slug":"ahora-piden-alargar-un-ano-la-transicion-a-fiscalia-general-de-justicia-de-hidalgo","status":"publish","type":"post","link":"https:\/\/revistaacropolis.com\/index.php\/ahora-piden-alargar-un-ano-la-transicion-a-fiscalia-general-de-justicia-de-hidalgo\/politica\/","title":{"rendered":"Ahora piden alargar un a\u00f1o la transici\u00f3n a Fiscal\u00eda General de Justicia de Hidalgo"},"content":{"rendered":"\n<p>La transici\u00f3n de la Procuradur\u00eda General de Justicia (PGJH) a la Fiscal\u00eda General de Justicia de Hidalgo (FGJH) <strong>tardar\u00e1 un a\u00f1o m\u00e1s de lo previsto, tras el alcance que solicit\u00f3 de nueva cuenta la Comisi\u00f3n Interinstitucional de Transici\u00f3n para que sea el 22 de julio de 2025<\/strong> la fecha m\u00e1xima a culminar con este proceso.<\/p>\n\n\n\n<p>El mi\u00e9rcoles, en sesi\u00f3n de Congreso, <strong>el presidente de la mesa directiva, Alejandro Enciso Arellano, ley\u00f3 un comunicado bajo el oficio PGJH\/02\/SJDH1427\/2024, que envi\u00f3 David Maga\u00f1a Mu\u00f1oz, en su calidad de secretario t\u00e9cnico de la Comisi\u00f3n Interinstitucional de Transici\u00f3n,<\/strong> con el cual hace un alcance al documento del 21 de junio y se solicita \u201cse ampl\u00ede la pr\u00f3rroga solicitada para la conclusi\u00f3n integral de los trabajos de transici\u00f3n de Procuradur\u00eda a Fiscal\u00eda General de Justicia del estado de Hidalgo\u201d (FGJH).<\/p>\n\n\n\n<p>El documento <strong>se turn\u00f3 a la Comisi\u00f3n de Legislaci\u00f3n y Puntos Constitucionales, donde se encuentra la primera petici\u00f3n de ampliaci\u00f3n de seis meses.<\/strong><\/p>\n\n\n\n<p>Apenas el martes en tribuna <strong>se present\u00f3 en tribuna la propuesta de reforma al art\u00edculo tercero transitorio al decreto 218, con el cual se hacen adecuaciones a la Constituci\u00f3n Pol\u00edtica del Estado de Hidalgo para la creaci\u00f3n de la FGJH,<\/strong> para solicitar solamente un periodo de medio a\u00f1o para terminar con el proceso de transici\u00f3n; es decir, a m\u00e1s tardar el 28 de febrero de 2025, en vez del 22 de julio de 2024.<\/p>\n\n\n\n<figure class=\"wp-block-pullquote\"><blockquote><p>Se tom\u00f3 la decisi\u00f3n fundamental con el sentido administrativo de prolongarlo un a\u00f1o, o sea del 22 de julio, que es el l\u00edmite de dos a\u00f1os, como dec\u00eda la ley en la reforma constitucional, hacer un transitorio y prolongarlo a tres a\u00f1os\u201d, manifest\u00f3 presidente de la comisi\u00f3n de Seguridad Ciudadana y Justicia Octavio Maga\u00f1a Soto, ante el nuevo escenario del proceso que est\u00e1 a menos de un mes de cumplir la fecha falta.<\/p><\/blockquote><\/figure>\n\n\n\n<p>Justific\u00f3 que <strong>se pide el aumento de extensi\u00f3n debido a cuestiones administrativas y que el plazo de un a\u00f1o m\u00e1s (tres en total) es menor a lo que tardaron procesos de transici\u00f3n de estados como Zacatecas y Nuevo Le\u00f3n, <\/strong>donde \u201ctienen un l\u00edo\u201d y \u201clos tiene batallando\u201d desde hace m\u00e1s de cuatro a\u00f1os con a transici\u00f3n a fiscal\u00eda.<\/p>\n\n\n\n<p>Abund\u00f3 que <strong>el procedimiento se encuentran en que los bienes inmuebles para pase del Poder Ejecutivo a la Fiscal\u00eda,<\/strong> as\u00ed como el recurso humano, lo que corresponde al cambio de patr\u00f3n, lo que ha retrasado la transici\u00f3n.<\/p>\n\n\n\n<p><strong>PRESUPUESTO<br><\/strong>Sobre el presupuesto para este proceso, <strong>el cual se contempl\u00f3 solo para dos a\u00f1os, Maga\u00f1a Soto puntualiz\u00f3 que ese punto no se ha abordado<\/strong> en sesiones de la Comisi\u00f3n Interinstitucional de Transici\u00f3n.<\/p>\n\n\n\n<blockquote class=\"wp-block-quote is-layout-flow wp-block-quote-is-layout-flow\">\n<p>No se ha tocado, en el proyecto del paquete fiscal ah\u00ed se tendr\u00e1 que contemplar, ya estar\u00edan contemplando parte de esta transici\u00f3n, que yo creo que s\u00ed\u201d, manifest\u00f3 el diputado local.<\/p>\n<\/blockquote>\n\n\n\n<p>No obstante, asever\u00f3 que en forma operativa, <strong>la PGJH ya act\u00faa como una fiscal\u00eda, por lo que solo falta lo \u201cmeramente administrativo\u201d.<\/strong><\/p>\n\n\n\n<p>Como parte de las acciones implementadas en casi dos a\u00f1os, <strong>adem\u00e1s de los puntos que enunci\u00f3 el martes al presentar la propuesta de reforma al art\u00edculo transitorio,<\/strong> Maga\u00f1a Soto asegur\u00f3 que se encuentra el abatimiento del rezago de los casos.<\/p>\n\n\n\n<figure class=\"wp-block-pullquote\"><blockquote><p>Se ha atacado el rezago, recordemos que era un porcentaje muy importante de averiguaciones o de carpetas de investigaci\u00f3n que no se hab\u00edan resuelto, y considero que ha sido tit\u00e1nico, es m\u00e1s que nada en el trabajo ejecutivo, quienes viven en el trabajo diario de la Procuraci\u00f3n de Justicia\u201d, a\u00f1adi\u00f3.<\/p><\/blockquote><\/figure>\n\n\n\n<p>Adelant\u00f3 que tras <strong>la nueva petici\u00f3n hecha por la Comisi\u00f3n Interinstitucional de Transici\u00f3n, sesionar\u00e1n en comisi\u00f3n el pr\u00f3ximo viernes<\/strong> para que el pr\u00f3ximo martes se suba al pleno.<\/p>\n\n\n\n<p>Debido a que la pr\u00f3rroga <strong>requiere el aval de m\u00e1s del 50 por ciento de los Cabildos, el diputado dijo que tratar\u00e1n de que las asambleas locales le den celeridad al tr\u00e1mite<\/strong> y que no ocurra lo mismo que con la reforma constitucional en materia de fiscal\u00eda, que los municipios tardaron hasta siete meses en abordar el tema.<\/p>\n\n\n\n<blockquote class=\"wp-block-quote is-layout-flow wp-block-quote-is-layout-flow\">\n<p>Lo que no queremos es eso, ser\u00eda ir a los municipios, pedirles a los ayuntamientos ser un poquito m\u00e1s, y a veces se mandan los correos electr\u00f3nicos, y en el caso de los ayuntamientos, digamos que se va relegando en sus prioridades, y ah\u00ed es donde queremos nosotros, poderlo, digamos, en un tiempo importante, poderlo sacar para que sea su publicaci\u00f3n\u201d, manifest\u00f3.<\/p>\n<\/blockquote>\n\n\n\n<p>Aunque mencion\u00f3 que no habr\u00eda problema, <strong>se rebasa la fecha l\u00edmite de dos a\u00f1os que establece el actual decreto (22 de julio de 2024) para que las asambleas locales avalen la reforma, <\/strong>consider\u00f3 que deben tener mejor comunicaci\u00f3n con los ayuntamientos para que pongan entre sus prioridades el tema.<\/p>\n","protected":false},"excerpt":{"rendered":"<p>La transici\u00f3n de la Procuradur\u00eda General de Justicia (PGJH) a la Fiscal\u00eda General de Justicia de Hidalgo (FGJH) tardar\u00e1 un a\u00f1o m\u00e1s de lo previsto, tras el alcance que solicit\u00f3&hellip; <\/p>\n","protected":false},"author":14,"featured_media":16912,"comment_status":"closed","ping_status":"closed","sticky":false,"template":"","format":"standard","meta":{"two_page_speed":[],"_joinchat":[],"footnotes":""},"categories":[1],"tags":[1175,2753,175],"class_list":["post-16911","post","type-post","status-publish","format-standard","has-post-thumbnail","hentry","category-politica","tag-diputado","tag-magana-soto","tag-pgjh"],"_links":{"self":[{"href":"https:\/\/revistaacropolis.com\/index.php\/wp-json\/wp\/v2\/posts\/16911","targetHints":{"allow":["GET"]}}],"collection":[{"href":"https:\/\/revistaacropolis.com\/index.php\/wp-json\/wp\/v2\/posts"}],"about":[{"href":"https:\/\/revistaacropolis.com\/index.php\/wp-json\/wp\/v2\/types\/post"}],"author":[{"embeddable":true,"href":"https:\/\/revistaacropolis.com\/index.php\/wp-json\/wp\/v2\/users\/14"}],"replies":[{"embeddable":true,"href":"https:\/\/revistaacropolis.com\/index.php\/wp-json\/wp\/v2\/comments?post=16911"}],"version-history":[{"count":1,"href":"https:\/\/revistaacropolis.com\/index.php\/wp-json\/wp\/v2\/posts\/16911\/revisions"}],"predecessor-version":[{"id":16913,"href":"https:\/\/revistaacropolis.com\/index.php\/wp-json\/wp\/v2\/posts\/16911\/revisions\/16913"}],"wp:featuredmedia":[{"embeddable":true,"href":"https:\/\/revistaacropolis.com\/index.php\/wp-json\/wp\/v2\/media\/16912"}],"wp:attachment":[{"href":"https:\/\/revistaacropolis.com\/index.php\/wp-json\/wp\/v2\/media?parent=16911"}],"wp:term":[{"taxonomy":"category","embeddable":true,"href":"https:\/\/revistaacropolis.com\/index.php\/wp-json\/wp\/v2\/categories?post=16911"},{"taxonomy":"post_tag","embeddable":true,"href":"https:\/\/revistaacropolis.com\/index.php\/wp-json\/wp\/v2\/tags?post=16911"}],"curies":[{"name":"wp","href":"https:\/\/api.w.org\/{rel}","templated":true}]}}