{"id":16930,"date":"2024-06-27T15:49:26","date_gmt":"2024-06-27T21:49:26","guid":{"rendered":"https:\/\/revistaacropolis.com\/?p=16930"},"modified":"2024-06-27T15:51:03","modified_gmt":"2024-06-27T21:51:03","slug":"empresarios-listo-para-implementar-acciones-legales-contra-propuesta-de-banos-sobre-alcohol-coparmex","status":"publish","type":"post","link":"https:\/\/revistaacropolis.com\/index.php\/empresarios-listo-para-implementar-acciones-legales-contra-propuesta-de-banos-sobre-alcohol-coparmex\/politica\/","title":{"rendered":"Empresarios, listo para implementar acciones legales contra propuesta de Ba\u00f1os sobre alcohol: Coparmex"},"content":{"rendered":"\n<p>Juan Manuel Batres Campos, presidente de la a Confederaci\u00f3n Patronal de la Rep\u00fablica Mexicana (Coparmex) Hidalgo, <strong>afirm\u00f3 que el empresariado se est\u00e1 preparando para implementar acciones legales ante la propuesta del alcalde de Pachuca, Sergio Ba\u00f1os Rubio,<\/strong> de limitar el comienzo de la venta de alcohol en establecimientos a partir de las 14:00 horas.<\/p>\n\n\n\n<figure class=\"wp-block-pullquote\"><blockquote><p>Yo creo que muchos de ellos ya est\u00e1n preparando hoy sus instancias legales para realizarlo, todos estamos en nuestro derecho de poderlo hacer si nos sentimos transgredidos en nuestros derechos\u201d, indic\u00f3.<\/p><\/blockquote><\/figure>\n\n\n\n<p>Record\u00f3 que el lunes pasado <strong>realizaron una pl\u00e1tica con el Cabildo y el alcalde y se hicieron mesas de trabajo para abordar el tema, adem\u00e1s de que este jueve<\/strong>s se subir\u00e1 nuevamente el tema en la Asamblea.<\/p>\n\n\n\n<p>El l\u00edder de la Coparmex estatal dijo que est\u00e1n de acuerdo con que se regule la venta de alcohol en Pachuca, pero <strong>debe ser concensuado con los empresarios del ramo, como restauranteros, hoteleros y bares y cantinas, por el impacto econ\u00f3mico y social de la propuesta.<\/strong><\/p>\n\n\n\n<figure class=\"wp-block-pullquote\"><blockquote><p>Muchos de estos lugares su venta no es a menores de edad, sino es a otros tipos de clientela a la que va dirigida y sobre todo, muchos de ellos, sobre todo los que est\u00e1n en el Centro Hist\u00f3rico, pues el 70, 80 por ciento de su venta la tiene pr\u00e1cticamente a la una, dos de la tarde\u201d, afirm\u00f3.<\/p><\/blockquote><\/figure>\n\n\n\n<p>Indic\u00f3 <strong>que la propuesta de decreto efectuada por el alcalde se\u00f1ala que no habr\u00e1 venta de bebidas embriagantes en sitios como bares y cantinas entre las 01:01 y las 13:59 horas, pero si se comerciar\u00e1 alcohol en tienda de autoservicio<\/strong> que, dijo, se consumir\u00e1 en \u201clugares clandestinos\u201d y \u201cautom\u00f3viles\u201d.<\/p>\n\n\n\n<p>Insisti\u00f3 en que <strong>la medida que propuso Ba\u00f1os Rubio no es la soluci\u00f3n para combatir el alcoholismo entre j\u00f3venes, <\/strong>como argumenta el edil en su justificaci\u00f3n.<\/p>\n\n\n\n<blockquote class=\"wp-block-quote is-layout-flow wp-block-quote-is-layout-flow\">\n<p>Lo que se debe de hacer \u00e9nfasis real es que haya inspecci\u00f3n correcta a los lugares para que los chicos menores de edad no entren a estos lugares y no consuman\u201d, expuso.<\/p>\n<\/blockquote>\n\n\n\n<p><strong>DatoAcro<\/strong><\/p>\n\n\n\n<p>-Las autoridades de los municipios de Tulancingo y Mineral de la Reforma <strong>ya excedieron decretos para regular la venta de alcohol con l\u00edmite a las 01:00 hrs.<\/strong><\/p>\n","protected":false},"excerpt":{"rendered":"<p>Juan Manuel Batres Campos, presidente de la a Confederaci\u00f3n Patronal de la Rep\u00fablica Mexicana (Coparmex) Hidalgo, afirm\u00f3 que el empresariado se est\u00e1 preparando para implementar acciones legales ante la propuesta&hellip; <\/p>\n","protected":false},"author":4,"featured_media":16931,"comment_status":"closed","ping_status":"closed","sticky":false,"template":"","format":"standard","meta":{"two_page_speed":[],"_joinchat":[],"footnotes":""},"categories":[1,57],"tags":[],"class_list":["post-16930","post","type-post","status-publish","format-standard","has-post-thumbnail","hentry","category-politica","category-sociedad"],"_links":{"self":[{"href":"https:\/\/revistaacropolis.com\/index.php\/wp-json\/wp\/v2\/posts\/16930","targetHints":{"allow":["GET"]}}],"collection":[{"href":"https:\/\/revistaacropolis.com\/index.php\/wp-json\/wp\/v2\/posts"}],"about":[{"href":"https:\/\/revistaacropolis.com\/index.php\/wp-json\/wp\/v2\/types\/post"}],"author":[{"embeddable":true,"href":"https:\/\/revistaacropolis.com\/index.php\/wp-json\/wp\/v2\/users\/4"}],"replies":[{"embeddable":true,"href":"https:\/\/revistaacropolis.com\/index.php\/wp-json\/wp\/v2\/comments?post=16930"}],"version-history":[{"count":1,"href":"https:\/\/revistaacropolis.com\/index.php\/wp-json\/wp\/v2\/posts\/16930\/revisions"}],"predecessor-version":[{"id":16932,"href":"https:\/\/revistaacropolis.com\/index.php\/wp-json\/wp\/v2\/posts\/16930\/revisions\/16932"}],"wp:featuredmedia":[{"embeddable":true,"href":"https:\/\/revistaacropolis.com\/index.php\/wp-json\/wp\/v2\/media\/16931"}],"wp:attachment":[{"href":"https:\/\/revistaacropolis.com\/index.php\/wp-json\/wp\/v2\/media?parent=16930"}],"wp:term":[{"taxonomy":"category","embeddable":true,"href":"https:\/\/revistaacropolis.com\/index.php\/wp-json\/wp\/v2\/categories?post=16930"},{"taxonomy":"post_tag","embeddable":true,"href":"https:\/\/revistaacropolis.com\/index.php\/wp-json\/wp\/v2\/tags?post=16930"}],"curies":[{"name":"wp","href":"https:\/\/api.w.org\/{rel}","templated":true}]}}