{"id":17084,"date":"2024-07-01T23:15:31","date_gmt":"2024-07-02T05:15:31","guid":{"rendered":"https:\/\/revistaacropolis.com\/?p=17084"},"modified":"2024-07-01T23:15:43","modified_gmt":"2024-07-02T05:15:43","slug":"fue-un-cambio-de-administracion-niega-adelfa-zuniga-hechos-violentos-en-cenhies","status":"publish","type":"post","link":"https:\/\/revistaacropolis.com\/index.php\/fue-un-cambio-de-administracion-niega-adelfa-zuniga-hechos-violentos-en-cenhies\/politica\/","title":{"rendered":"\u201cFue un cambio de administraci\u00f3n\u201d: niega Adelfa Z\u00fa\u00f1iga hechos violentos en Cenhies"},"content":{"rendered":"\n<p>La diputada de Morena <strong>Adelfa Z\u00fa\u00f1iga Fuentes asever\u00f3 que el pasado mi\u00e9rcoles no hubo grupos de choque ni actos de violencia en las instalaciones del Centro Hidalguense de Estudios Superiores de Hidalgo (Cenhies) -a donde se presentaron elementos de Seguridad P\u00fablica-<\/strong>\u00a0 durante el<strong> cambio de administraci\u00f3n del complejo educativo,<\/strong> con su hijo Alejandro Chapey Ram\u00edrez Z\u00fa\u00f1iga como directo general del consejo, \u00abcumpliendo la voluntad\u201d del fundador de este plantel, el fallecido Leonardo Ram\u00edrez \u00c1lvarez, el Chapey.<\/p>\n\n\n\n<p>Tras acudir la sesi\u00f3n de Congreso local, la morenista abord\u00f3 el tema de la disputa legal entre ella y otra parte de familiares del fundador del centro educativo, por lo que neg\u00f3 que se haya dado una irrumpiera violenta en el sitio.<\/p>\n\n\n\n<figure class=\"wp-block-pullquote\"><blockquote><p>Fue un cambio de administraci\u00f3n, todo de manera legal, y pues que se est\u00e1 cumpliendo con la voluntad del fundador del Cenhies, don Leonardo Ram\u00edrez \u00c1lvarez, simplemente es eso y todo se ha hecho de manera legal, no pas\u00f3 nada, la escuela est\u00e1 en paz, todos estamos trabajando bien\u201d, manifest\u00f3 la exalcaldesa de El Arenal, pese a las fotos y evidencias videogr\u00e1fica de la presencia de hombres que no eran parte de la instituci\u00f3n el mi\u00e9rcoles pasado.<\/p><\/blockquote><\/figure>\n\n\n\n<p>Seg\u00fan la legisladora, <strong>este d\u00eda ocurri\u00f3 un \u201ccambio de administraci\u00f3n<\/strong>\u201d, el cual, reiter\u00f3, se dieron en condiciones de \u201ccalma\u201d al interior del plantel.<\/p>\n\n\n\n<p>\u201cPara los intereses de algunos pues a lo mejor s\u00ed les preocupa\u201d, dijo.&nbsp;<\/p>\n\n\n\n<p><strong>Invit\u00f3 a visitar las instalaciones, as\u00ed como al nuevo director general, Ram\u00edrez Z\u00fa\u00f1iga<\/strong>, preguntarle lo que aconteci\u00f3 y saber m\u00e1s al fondo de esta situaci\u00f3n,<\/p>\n\n\n\n<p>Respecto a si esperan otros eventos con la presencia de elementos de Seguridad P\u00fablica en las inmediaciones del colegio, as\u00ed como el desalojo de acad\u00e9micos y alumnos, asegur\u00f3 \u201cninguno, porque no ha habido ning\u00fan evento de violencia\u201d, insisti\u00f3.<\/p>\n\n\n\n<p>Por el contrario, <strong>asever\u00f3 que \u201cse cuida mucho\u201d que los alumnos est\u00e9n bien bajo un ambiente cordial y de respeto, <\/strong>en una instituci\u00f3n que calific\u00f3 como \u201creconocida, con calidad y compromiso social\u201d.<\/p>\n\n\n\n<h3 class=\"wp-block-heading\">POLIC\u00cdAS, POR LLAMADO DE LA PARTE EN DESACUERDO<\/h3>\n\n\n\n<p>Para <strong>justificar la presencia de la polic\u00eda la tarde del pasado mi\u00e9rcoles<\/strong>, manifest\u00f3 que <strong>fue por llamado de \u201cuno de los que est\u00e1n en desacuerdo\u201d, de quien refiri\u00f3 que \u201cni socio es\u201d,<\/strong> por lo que dijo que hab\u00eda \u201cotro tipo de situaciones\u201d detr\u00e1s el incidente.\u00a0<\/p>\n\n\n\n<p>Por ello, dijo, <strong>entraron los agentes estatales, quienes, asegur\u00f3, verificaron al interior del inmueble que \u201ctodo transcurr\u00eda en tranquilidad\u201d.<\/strong><\/p>\n\n\n\n<p>En tanto, recrimin\u00f3 a quienes hablan de ella, aunque no especific\u00f3 a que personas se refer\u00eda.<\/p>\n\n\n\n<figure class=\"wp-block-pullquote\"><blockquote><p>A todos ellos que hablan mal de m\u00ed, me encantar\u00eda que les dijeran que hoy que hablan mal de m\u00ed, cuanto no hice por ellos, en cuanto no los apoye\u201d, agreg\u00f3.<\/p><\/blockquote><\/figure>\n\n\n\n<p>A\u00f1adi\u00f3 que <strong>en el proceso de relevo en el mando administrativo del complejo educativo hubo un notario <\/strong>que dio fe de los hechos; adem\u00e1s, insisti\u00f3 en que para sustentar el \u201cambiente de tranquilidad\u201d entr\u00f3 la polic\u00eda y cercior\u00f3 que \u201cno hab\u00eda nada\u201d.<\/p>\n\n\n\n<p>Dijo que quien se atreva a hablar, \u201clas consecuencias tendr\u00e1 por su dicho, que va a tener que demostrar lo que dice\u201d.<\/p>\n","protected":false},"excerpt":{"rendered":"<p>La diputada de Morena Adelfa Z\u00fa\u00f1iga Fuentes asever\u00f3 que el pasado mi\u00e9rcoles no hubo grupos de choque ni actos de violencia en las instalaciones del Centro Hidalguense de Estudios Superiores&hellip; <\/p>\n","protected":false},"author":14,"featured_media":17085,"comment_status":"closed","ping_status":"closed","sticky":false,"template":"","format":"standard","meta":{"two_page_speed":[],"_joinchat":[],"footnotes":""},"categories":[1],"tags":[2768,667,2769],"class_list":["post-17084","post","type-post","status-publish","format-standard","has-post-thumbnail","hentry","category-politica","tag-adelfa-zuniga","tag-cenhies","tag-pleito"],"_links":{"self":[{"href":"https:\/\/revistaacropolis.com\/index.php\/wp-json\/wp\/v2\/posts\/17084","targetHints":{"allow":["GET"]}}],"collection":[{"href":"https:\/\/revistaacropolis.com\/index.php\/wp-json\/wp\/v2\/posts"}],"about":[{"href":"https:\/\/revistaacropolis.com\/index.php\/wp-json\/wp\/v2\/types\/post"}],"author":[{"embeddable":true,"href":"https:\/\/revistaacropolis.com\/index.php\/wp-json\/wp\/v2\/users\/14"}],"replies":[{"embeddable":true,"href":"https:\/\/revistaacropolis.com\/index.php\/wp-json\/wp\/v2\/comments?post=17084"}],"version-history":[{"count":1,"href":"https:\/\/revistaacropolis.com\/index.php\/wp-json\/wp\/v2\/posts\/17084\/revisions"}],"predecessor-version":[{"id":17086,"href":"https:\/\/revistaacropolis.com\/index.php\/wp-json\/wp\/v2\/posts\/17084\/revisions\/17086"}],"wp:featuredmedia":[{"embeddable":true,"href":"https:\/\/revistaacropolis.com\/index.php\/wp-json\/wp\/v2\/media\/17085"}],"wp:attachment":[{"href":"https:\/\/revistaacropolis.com\/index.php\/wp-json\/wp\/v2\/media?parent=17084"}],"wp:term":[{"taxonomy":"category","embeddable":true,"href":"https:\/\/revistaacropolis.com\/index.php\/wp-json\/wp\/v2\/categories?post=17084"},{"taxonomy":"post_tag","embeddable":true,"href":"https:\/\/revistaacropolis.com\/index.php\/wp-json\/wp\/v2\/tags?post=17084"}],"curies":[{"name":"wp","href":"https:\/\/api.w.org\/{rel}","templated":true}]}}