{"id":17088,"date":"2024-07-02T01:03:54","date_gmt":"2024-07-02T07:03:54","guid":{"rendered":"https:\/\/revistaacropolis.com\/?p=17088"},"modified":"2024-07-02T01:04:06","modified_gmt":"2024-07-02T07:04:06","slug":"promoveran-bondades-y-mitos-de-reforma-judicial-en-foros-en-hidalgo","status":"publish","type":"post","link":"https:\/\/revistaacropolis.com\/index.php\/promoveran-bondades-y-mitos-de-reforma-judicial-en-foros-en-hidalgo\/politica\/","title":{"rendered":"Promover\u00e1n \u00abbondades\u00bb y \u00abmitos\u00bb de reforma judicial en foros en Hidalgo"},"content":{"rendered":"\n<p>La <strong>dirigencia estatal de Morena y futuras legisladoras asever\u00f3 que la reforma judicial aseveraron que la reforma judicial, cuyas \u201cbondades\u201d\u00a0<\/strong>promover\u00e1n en foros, busca combatir la corrupci\u00f3n en ese poder, evitar las pensiones excesivas de ministros y <strong>que \u201cel pueblo\u201d intervenga en su conformaci\u00f3n<\/strong>.\u00a0<\/p>\n\n\n\n<p>En conferencia, e<strong>n la que expusieron generalidades y la narrativa oficial en favor de la propuesta presidencial, as\u00ed como sus \u201cmito<\/strong>s\u201d, informaron que el pr\u00f3ximo jueves se llevar\u00e1n a cabo siete asambleas en Hidalgo sobre la iniciativa, una por distrito federal, en las que participar\u00e1n diputados electos locales y federales electos.<\/p>\n\n\n\n<p>Posteriormente se realizar\u00e1n asambleas en los 84 municipales de la entidad para hablar de la reforma cuya discusi\u00f3n se realizar\u00e1 en la pr\u00f3xima legislatura federal, cuando Morena tendr\u00e1 proyecta tener mayor\u00eda calificada.<\/p>\n\n\n\n<figure class=\"wp-block-pullquote\"><blockquote><p>Es una reforma que votaremos, pero escuchando a la ciudadan\u00eda, escuchando a los expertos, escuchado por supuesto al pueblo\u201d, afirm\u00f3 Simey Olvera Bautista, senadora electa por Hidalgo.<\/p><\/blockquote><\/figure>\n\n\n\n<p>Para argumentar el apoyo a la propuesta con una carpeta en mano, <strong>la exfuncionaria estatal dijo que las pensiones de magistrados y ministros son \u201cexcesivas\u201d, <\/strong>por lo que se plantea su eliminaci\u00f3n; que las sesiones \u201cno sean en lo obscuro\u201d, y quitar que \u201cpr\u00e1cticamente est\u00e1n de perpetuidad\u201d en el cargo los integrantes de la Suprema Corte de Justicia de la Naci\u00f3n (SCJN) -aunque su cargo solo es de 15 a\u00f1os-.<\/p>\n\n\n\n<figure class=\"wp-block-pullquote\"><blockquote><p>Hay varios mitos, por eso son los foros, por esos son las asambleas\u201d, dijo la experredista.<\/p><\/blockquote><\/figure>\n\n\n\n<p>Tambi\u00e9n afirm\u00f3 que <strong>se busca la austeridad<\/strong>, pues asegur\u00f3 que los ministros ganan m\u00e1s que el presidente de la rep\u00fablica.<\/p>\n\n\n\n<p><strong>Neg\u00f3 que la reforma se trate de una cuesti\u00f3n de imposici\u00f3n de los miembros de la SCJN<\/strong>, pues habr\u00e1 propuestas de candidatos por parte de los tres Poderes de la Uni\u00f3n, que deber\u00e1n cumplir con requisitos \u201cde ley\u201d.<\/p>\n\n\n\n<p><strong>La propuesta implica la reducci\u00f3n de 11 a nueve integrantes de la Corte, puestos a elecci\u00f3n del voto popular.<\/strong><\/p>\n\n\n\n<p>El dirigente estatal de Morena, Marco Antonio Rico Mercado, <strong>a\u00f1adi\u00f3 que se pretende acabar con un aparato judicial \u201cun tanto corrupto\u201d y \u201cc\u00f3mplice<\/strong> de poderes f\u00e1cticos como los empresariales.\u00a0<\/p>\n\n\n\n<p>Asever\u00f3 que las \u201cprimicias\u201d de la reforma son que se \u201c<strong>imparta justicia, sea incorruptible, austero y eficiente\u201d.\u00a0<\/strong><\/p>\n\n\n\n<figure class=\"wp-block-pullquote\"><blockquote><p>Es el \u00fanico poder en el que el pueblo no interviene, requerimos un sistema judicial cercano del pueblo\u201d, a\u00f1adi\u00f3.\u00a0<\/p><\/blockquote><\/figure>\n\n\n\n<p>La diputada federal electa de Tulancingo, Alma Lidia de la Vega, <strong>apunt\u00f3 que la propuesta forma parte de la plataforma de Morena, la cual expusieron en campa\u00f1a.<\/strong><\/p>\n\n\n\n<p>\u201cLa gente est\u00e1 informada que al votar por Morena tambi\u00e9n \u00edbamos a estar apoyando las 20 reformas que impulso el presidente (Andr\u00e9s Manuel L\u00f3pez Obrador) y que quedaron en reserva. Ahora con esta legislaci\u00f3n la reforma va porque form\u00f3 parte de ese paquete legislativo y de esas propuesta de campa\u00f1a\u201d, afirm\u00f3.<\/p>\n\n\n\n<p>Por su parte, la senadora <strong>Mar\u00eda Merced Gonz\u00e1lez Gonz\u00e1lez respondi\u00f3 que la reforma judicial \u201ces buena\u201d<\/strong> porque el sistema judicial es muy lento para resolver los asuntos.<\/p>\n\n\n\n<h3 class=\"wp-block-heading\">LOS&nbsp; FOROS&nbsp;<\/h3>\n\n\n\n<p>Los foros se llevar\u00e1n a cabo en el distrito 1 de Huejutla, en el auditorio del Instituto tecnol\u00f3gico de Huejutla; en el distrito 2&nbsp; de Ixmiquilpan, en el teatro Hidalgo; en el distrito 3 de Actopan, en el auditorio municipal; en el distrito 4 de Tulancingo, en el Sal\u00f3n Fantas\u00eda; en el distrito 5 de Tula, en el auditorio municipal; en el distrito 6&nbsp; de Pachuca, en el sal\u00f3n Centala, y en el distrito 7 de Tepeapulco, en el auditorio municipal, a&nbsp; las 17:00 horas, excepto en la capital, que ser\u00e1 a las 12:00 horas.<\/p>\n","protected":false},"excerpt":{"rendered":"<p>La dirigencia estatal de Morena y futuras legisladoras asever\u00f3 que la reforma judicial aseveraron que la reforma judicial, cuyas \u201cbondades\u201d\u00a0promover\u00e1n en foros, busca combatir la corrupci\u00f3n en ese poder, evitar&hellip; <\/p>\n","protected":false},"author":4,"featured_media":17089,"comment_status":"closed","ping_status":"closed","sticky":false,"template":"","format":"standard","meta":{"two_page_speed":[],"_joinchat":[],"footnotes":""},"categories":[1],"tags":[2770,50,2771],"class_list":["post-17088","post","type-post","status-publish","format-standard","has-post-thumbnail","hentry","category-politica","tag-foros","tag-morena","tag-reforma-judicial"],"_links":{"self":[{"href":"https:\/\/revistaacropolis.com\/index.php\/wp-json\/wp\/v2\/posts\/17088","targetHints":{"allow":["GET"]}}],"collection":[{"href":"https:\/\/revistaacropolis.com\/index.php\/wp-json\/wp\/v2\/posts"}],"about":[{"href":"https:\/\/revistaacropolis.com\/index.php\/wp-json\/wp\/v2\/types\/post"}],"author":[{"embeddable":true,"href":"https:\/\/revistaacropolis.com\/index.php\/wp-json\/wp\/v2\/users\/4"}],"replies":[{"embeddable":true,"href":"https:\/\/revistaacropolis.com\/index.php\/wp-json\/wp\/v2\/comments?post=17088"}],"version-history":[{"count":1,"href":"https:\/\/revistaacropolis.com\/index.php\/wp-json\/wp\/v2\/posts\/17088\/revisions"}],"predecessor-version":[{"id":17090,"href":"https:\/\/revistaacropolis.com\/index.php\/wp-json\/wp\/v2\/posts\/17088\/revisions\/17090"}],"wp:featuredmedia":[{"embeddable":true,"href":"https:\/\/revistaacropolis.com\/index.php\/wp-json\/wp\/v2\/media\/17089"}],"wp:attachment":[{"href":"https:\/\/revistaacropolis.com\/index.php\/wp-json\/wp\/v2\/media?parent=17088"}],"wp:term":[{"taxonomy":"category","embeddable":true,"href":"https:\/\/revistaacropolis.com\/index.php\/wp-json\/wp\/v2\/categories?post=17088"},{"taxonomy":"post_tag","embeddable":true,"href":"https:\/\/revistaacropolis.com\/index.php\/wp-json\/wp\/v2\/tags?post=17088"}],"curies":[{"name":"wp","href":"https:\/\/api.w.org\/{rel}","templated":true}]}}