{"id":17120,"date":"2024-07-02T17:26:06","date_gmt":"2024-07-02T23:26:06","guid":{"rendered":"https:\/\/revistaacropolis.com\/?p=17120"},"modified":"2024-07-02T17:28:44","modified_gmt":"2024-07-02T23:28:44","slug":"cultura-y-folklor-en-tizayuca-festival-huitzilihuitl-y-gala-de-clausura","status":"publish","type":"post","link":"https:\/\/revistaacropolis.com\/index.php\/cultura-y-folklor-en-tizayuca-festival-huitzilihuitl-y-gala-de-clausura\/turismo\/","title":{"rendered":"Cultura y Folklor en Tizayuca: Festival Huitzil\u00edhuitl y Gala de Clausura"},"content":{"rendered":"\n<p>Del 9 al 13 de julio se realizar\u00e1 el XXVI Festival del Folklor de Hidalgo, y el municipio de Tizayuca ser\u00e1, por segundo a\u00f1o consecutivo, la sede de la Gala de Clausura de este importante evento cultural. Asimismo, del 19 al 21 de julio, tendr\u00e1 lugar la cuarta edici\u00f3n del Festival de Fomento a la Lectura y la Cultura de Hidalgo \u201cHuitzil\u00edhuitl\u201d, un proyecto que se desarrolla desde 2021 en este municipio.<\/p>\n\n\n\n<p>Los detalles sobre estos dos eventos, se dieron a conocer en una rueda de prensa encabezada por Jos\u00e9 Javier Macotela, secretario de Bienestar Social de Tizayuca; Roberto Moreno Alba, director de Cultura y Artes de Tizayuca; Roberto Rico Ram\u00edrez, coordinador nacional del Programa Libro Bus del Fondo; y Alejandro Camacho, director del CIOFF (Consejo Internacional de organizaci\u00f3n de Festivales del Folklore).<\/p>\n\n\n\n<figure class=\"wp-block-image size-large\"><img fetchpriority=\"high\" decoding=\"async\" width=\"1024\" height=\"682\" src=\"https:\/\/revistaacropolis.com\/wp-content\/uploads\/2024\/07\/26-1024x682.png\" alt=\"\" class=\"wp-image-17122\" srcset=\"https:\/\/revistaacropolis.com\/wp-content\/uploads\/2024\/07\/26-1024x682.png 1024w, https:\/\/revistaacropolis.com\/wp-content\/uploads\/2024\/07\/26-300x200.png 300w, https:\/\/revistaacropolis.com\/wp-content\/uploads\/2024\/07\/26-768x512.png 768w, https:\/\/revistaacropolis.com\/wp-content\/uploads\/2024\/07\/26-1536x1023.png 1536w, https:\/\/revistaacropolis.com\/wp-content\/uploads\/2024\/07\/26.png 1600w\" sizes=\"(max-width: 1024px) 100vw, 1024px\" \/><\/figure>\n\n\n\n<p>Por un lado, el Vig\u00e9simo sexto Festival del Folklor, mejor conocido como el \u00abfestival de festivales\u00bb, iniciar\u00e1 el 9 de julio en el municipio de Tulancingo, con un desfile que iniciar\u00e1 a las 17:00 horas y posteriormente, una Gala Inaugural que se realizar\u00e1 en el auditorio Manuel Fernando Soto a las 19:00 horas, que, seg\u00fan Alejandro Camacho, contar\u00e1 con la participaci\u00f3n de bailarines provenientes de Eslovaquia, Puerto Rico, Italia, Colombia, Honduras y M\u00e9xico.<\/p>\n\n\n\n<p>Otros municipios que recibir\u00e1n a los ballets internacionales, son Tula de Allende y Tulancingo. El evento culminar\u00e1 el 13 de julio, y ser\u00e1 en Tizayuca, la Gala de Clausura de esta gran fiesta folkl\u00f3rica, que se efectuar\u00e1 en la Plaza Himno Nacional. El director del CIOFF, estima una afluencia de 7,000 a 10,000 visitantes.<\/p>\n\n\n\n<p>En cuanto al Festival \u00abHuitzil\u00edhuitl\u00bb, que tiene la finalidad de promover la lectura e impulsar la identidad cultural, que comenzar\u00e1 el 19 de julio, Roberto Moreno Alba, director de Cultura y Artes de Tizayuca, mencion\u00f3 que esta edici\u00f3n contar\u00e1 con actividades muy diversas, desde presentaciones editoriales, muestras gastron\u00f3micas, pabell\u00f3n artesanal, hasta performances de artistas locales y for\u00e1neos. Dar\u00e1 inicio con un concurso gastron\u00f3mico, que lleva por nombre \u201cEn busca del platillo t\u00edpico de Tiza\u201d.<\/p>\n\n\n\n<p>En la conferencia se encontraba tambi\u00e9n Roberto Rico Ram\u00edrez, quien adelant\u00f3 algunas de las presentaciones que podremos ver en el Festival. La Plaza Himno Nacional de Tizayuca, se llenar\u00e1 de m\u00fasica, con la participaci\u00f3n de algunas orquestas, el Coro de Mujeres Ind\u00edgenas de M\u00e9xico, y otras agrupaciones; igualmente, se har\u00e1 la presentaci\u00f3n editorial de algunos libros, como \u201c10 batallas que cambiaron a M\u00e9xico\u201d de Pedro Salmer\u00f3n Sangin\u00e9s y Ra\u00fal Gonz\u00e1lez, \u201cLos alegres muchachos de la lucha de clases\u201d Paco Ignacio Taibo II (Director general de Fondo de Cultura Econ\u00f3mica), entre otros.<\/p>\n\n\n\n<figure class=\"wp-block-image size-large\"><img decoding=\"async\" width=\"1024\" height=\"682\" src=\"https:\/\/revistaacropolis.com\/wp-content\/uploads\/2024\/07\/27-1-1024x682.jpg\" alt=\"\" class=\"wp-image-17124\" srcset=\"https:\/\/revistaacropolis.com\/wp-content\/uploads\/2024\/07\/27-1-1024x682.jpg 1024w, https:\/\/revistaacropolis.com\/wp-content\/uploads\/2024\/07\/27-1-300x200.jpg 300w, https:\/\/revistaacropolis.com\/wp-content\/uploads\/2024\/07\/27-1-768x512.jpg 768w, https:\/\/revistaacropolis.com\/wp-content\/uploads\/2024\/07\/27-1-1536x1023.jpg 1536w, https:\/\/revistaacropolis.com\/wp-content\/uploads\/2024\/07\/27-1.jpg 1600w\" sizes=\"(max-width: 1024px) 100vw, 1024px\" \/><\/figure>\n\n\n\n<p>Para esta cuarta edici\u00f3n del Festival de Fomento a la Lectura y la Cultura, se espera una afluencia de 10,000 personas, adem\u00e1s de la participaci\u00f3n de m\u00e1s de 180 artistas y 40 municipios.<\/p>\n\n\n\n<p>Adicionalmente, el licenciado Jos\u00e9 Javier Macotela, secretario de Bienestar Social de Tizayuca, coment\u00f3, que para el municipio la realizaci\u00f3n de ambos Festivales es de suma importancia, pues fomenta la participaci\u00f3n ciudadana y expone todo lo que Tizayuca tiene que ofrecer en los \u00e1mbitos cultural, art\u00edstico y tur\u00edstico.<\/p>\n\n\n\n<p>Agradeciendo a la secretaria de turismo, Liz Quintanar, el apoyo continuo para el desarrollo de este tipo de actividades.<\/p>\n\n\n\n<blockquote class=\"wp-block-quote is-layout-flow wp-block-quote-is-layout-flow\">\n<p>Existe una alianza con SECTUR, con la titular, Liz Quintanar, que gener\u00f3 enlace con artesanos, artistas y cocineros de diferentes municipios, para el pabell\u00f3n artesanal, y las muestras gastron\u00f3micas\u201d mencion\u00f3 Macotela.<\/p>\n<\/blockquote>\n","protected":false},"excerpt":{"rendered":"<p>Del 9 al 13 de julio se realizar\u00e1 el XXVI Festival del Folklor de Hidalgo, y el municipio de Tizayuca ser\u00e1, por segundo a\u00f1o consecutivo, la sede de la Gala&hellip; <\/p>\n","protected":false},"author":19,"featured_media":17123,"comment_status":"closed","ping_status":"closed","sticky":false,"template":"","format":"standard","meta":{"two_page_speed":[],"_joinchat":[],"footnotes":""},"categories":[2455],"tags":[],"class_list":["post-17120","post","type-post","status-publish","format-standard","has-post-thumbnail","hentry","category-turismo"],"_links":{"self":[{"href":"https:\/\/revistaacropolis.com\/index.php\/wp-json\/wp\/v2\/posts\/17120","targetHints":{"allow":["GET"]}}],"collection":[{"href":"https:\/\/revistaacropolis.com\/index.php\/wp-json\/wp\/v2\/posts"}],"about":[{"href":"https:\/\/revistaacropolis.com\/index.php\/wp-json\/wp\/v2\/types\/post"}],"author":[{"embeddable":true,"href":"https:\/\/revistaacropolis.com\/index.php\/wp-json\/wp\/v2\/users\/19"}],"replies":[{"embeddable":true,"href":"https:\/\/revistaacropolis.com\/index.php\/wp-json\/wp\/v2\/comments?post=17120"}],"version-history":[{"count":2,"href":"https:\/\/revistaacropolis.com\/index.php\/wp-json\/wp\/v2\/posts\/17120\/revisions"}],"predecessor-version":[{"id":17127,"href":"https:\/\/revistaacropolis.com\/index.php\/wp-json\/wp\/v2\/posts\/17120\/revisions\/17127"}],"wp:featuredmedia":[{"embeddable":true,"href":"https:\/\/revistaacropolis.com\/index.php\/wp-json\/wp\/v2\/media\/17123"}],"wp:attachment":[{"href":"https:\/\/revistaacropolis.com\/index.php\/wp-json\/wp\/v2\/media?parent=17120"}],"wp:term":[{"taxonomy":"category","embeddable":true,"href":"https:\/\/revistaacropolis.com\/index.php\/wp-json\/wp\/v2\/categories?post=17120"},{"taxonomy":"post_tag","embeddable":true,"href":"https:\/\/revistaacropolis.com\/index.php\/wp-json\/wp\/v2\/tags?post=17120"}],"curies":[{"name":"wp","href":"https:\/\/api.w.org\/{rel}","templated":true}]}}