{"id":17314,"date":"2024-07-12T16:54:35","date_gmt":"2024-07-12T22:54:35","guid":{"rendered":"https:\/\/revistaacropolis.com\/?p=17314"},"modified":"2024-07-12T16:54:47","modified_gmt":"2024-07-12T22:54:47","slug":"metepec-y-talleres-de-verano-en-metepec-y-estacion-de-apulco","status":"publish","type":"post","link":"https:\/\/revistaacropolis.com\/index.php\/metepec-y-talleres-de-verano-en-metepec-y-estacion-de-apulco\/sociedad\/comunicados\/","title":{"rendered":"Metepec y Talleres de Verano en Metepec y Estaci\u00f3n de Apulco"},"content":{"rendered":"\n<p>Este verano, enriquece tus d\u00edas con arte y cultura! La Casa de Cultura de Metepec y la Casa de Cultura de Estaci\u00f3n de Apulco te invitan a participar en sus talleres del 22 de julio al 2 de agosto.\u00a0<\/p>\n\n\n\n<p>En Metepec los talleres se llevar\u00e1n a cabo de 10:00 a 12:00 horas en la Casa de Cultura, ofreciendo una variedad de actividades culturales y art\u00edsticas dise\u00f1adas para todas las edades.<\/p>\n\n\n\n<p>Mientras que en la Estaci\u00f3n de Apulco, los talleres se realizar\u00e1n de 13:00 a 15:00 horas en la Casa de Cultura, brindando la oportunidad de explorar y desarrollar habilidades creativas en un entorno inspirador.<\/p>\n\n\n\n<p>No pierdas la oportunidad de disfrutar y aprender durante estos d\u00edas de verano. Para mayor informaci\u00f3n, comun\u00edcate al siguiente n\u00famero: 731301210. \u00a1Te esperamos!<\/p>\n","protected":false},"excerpt":{"rendered":"<p>Este verano, enriquece tus d\u00edas con arte y cultura! La Casa de Cultura de Metepec y la Casa de Cultura de Estaci\u00f3n de Apulco te invitan a participar en sus&hellip; <\/p>\n","protected":false},"author":17,"featured_media":17315,"comment_status":"closed","ping_status":"closed","sticky":false,"template":"","format":"standard","meta":{"two_page_speed":[],"_joinchat":[],"footnotes":""},"categories":[86],"tags":[],"class_list":["post-17314","post","type-post","status-publish","format-standard","has-post-thumbnail","hentry","category-comunicados"],"_links":{"self":[{"href":"https:\/\/revistaacropolis.com\/index.php\/wp-json\/wp\/v2\/posts\/17314","targetHints":{"allow":["GET"]}}],"collection":[{"href":"https:\/\/revistaacropolis.com\/index.php\/wp-json\/wp\/v2\/posts"}],"about":[{"href":"https:\/\/revistaacropolis.com\/index.php\/wp-json\/wp\/v2\/types\/post"}],"author":[{"embeddable":true,"href":"https:\/\/revistaacropolis.com\/index.php\/wp-json\/wp\/v2\/users\/17"}],"replies":[{"embeddable":true,"href":"https:\/\/revistaacropolis.com\/index.php\/wp-json\/wp\/v2\/comments?post=17314"}],"version-history":[{"count":1,"href":"https:\/\/revistaacropolis.com\/index.php\/wp-json\/wp\/v2\/posts\/17314\/revisions"}],"predecessor-version":[{"id":17316,"href":"https:\/\/revistaacropolis.com\/index.php\/wp-json\/wp\/v2\/posts\/17314\/revisions\/17316"}],"wp:featuredmedia":[{"embeddable":true,"href":"https:\/\/revistaacropolis.com\/index.php\/wp-json\/wp\/v2\/media\/17315"}],"wp:attachment":[{"href":"https:\/\/revistaacropolis.com\/index.php\/wp-json\/wp\/v2\/media?parent=17314"}],"wp:term":[{"taxonomy":"category","embeddable":true,"href":"https:\/\/revistaacropolis.com\/index.php\/wp-json\/wp\/v2\/categories?post=17314"},{"taxonomy":"post_tag","embeddable":true,"href":"https:\/\/revistaacropolis.com\/index.php\/wp-json\/wp\/v2\/tags?post=17314"}],"curies":[{"name":"wp","href":"https:\/\/api.w.org\/{rel}","templated":true}]}}