{"id":17937,"date":"2024-09-18T10:40:17","date_gmt":"2024-09-18T16:40:17","guid":{"rendered":"https:\/\/revistaacropolis.com\/?p=17937"},"modified":"2024-09-18T10:40:28","modified_gmt":"2024-09-18T16:40:28","slug":"hasta-siempre-presidente-fest","status":"publish","type":"post","link":"https:\/\/revistaacropolis.com\/index.php\/hasta-siempre-presidente-fest\/politica\/","title":{"rendered":"\u00a1Hasta Siempre\u00a0 Presidente Fest!"},"content":{"rendered":"\n<p>POR: DANIEL MART\u00cdNEZ.<\/p>\n\n\n\n<p>&#8211; Un concierto de despedida en honor a Andr\u00e9s Manuel L\u00f3pez Obrador\u00a0<\/p>\n\n\n\n<p>En un acto de agradecimiento por la labor de los \u00faltimos 6 a\u00f1os y a unas semanas de que Andr\u00e9s Manuel L\u00f3pez Obrador deje la silla presidencial simpatizantes del mandatario anunciaron la realizaci\u00f3n de un concierto de despedida.<\/p>\n\n\n<div class=\"wp-block-image\">\n<figure class=\"aligncenter size-full\"><img fetchpriority=\"high\" decoding=\"async\" width=\"189\" height=\"266\" src=\"https:\/\/revistaacropolis.com\/wp-content\/uploads\/2024\/09\/IMG-20240918-WA0002.jpg\" alt=\"\" class=\"wp-image-17938\"\/><\/figure>\n<\/div>\n\n\n<p>El llamado \u00a1Hasta Siempre &#8211; Presidente Fest! contar\u00e1 con la participaci\u00f3n de artistas como Raymix, Los Estramb\u00f3ticos, Chino y su Gala, La Tremenda Korte, Los JRS (La Sangre Nueva), Horacio Franco, Adri\u00e1n Terrazas (Pelirroja), Iv\u00e1n Lachi, Sieck, Eddy y Los Grasosos, entre otros.&nbsp;<\/p>\n\n\n\n<p>De igual forma las y los asistentes disfrutar\u00e1n de una funci\u00f3n de lucha libre en la que participar\u00e1n figuras de alto renombre como Cicl\u00f3n Ram\u00edrez Jr., \u00c9xtasis, Radioactivo, Hijo del Pirata Morgan, Villano Jr. y Argenis.<\/p>\n\n\n\n<p>Este evento se realizar\u00e1 el pr\u00f3ximo 29 de septiembre en punto de las 11:00 de la ma\u00f1ana en el Monumento a la Revoluci\u00f3n de la Alcald\u00eda Cuauht\u00e9moc.<\/p>\n","protected":false},"excerpt":{"rendered":"<p>POR: DANIEL MART\u00cdNEZ. &#8211; Un concierto de despedida en honor a Andr\u00e9s Manuel L\u00f3pez Obrador\u00a0 En un acto de agradecimiento por la labor de los \u00faltimos 6 a\u00f1os y a&hellip; <\/p>\n","protected":false},"author":17,"featured_media":17939,"comment_status":"closed","ping_status":"closed","sticky":false,"template":"","format":"standard","meta":{"two_page_speed":[],"_joinchat":[],"footnotes":""},"categories":[1],"tags":[],"class_list":["post-17937","post","type-post","status-publish","format-standard","has-post-thumbnail","hentry","category-politica"],"_links":{"self":[{"href":"https:\/\/revistaacropolis.com\/index.php\/wp-json\/wp\/v2\/posts\/17937","targetHints":{"allow":["GET"]}}],"collection":[{"href":"https:\/\/revistaacropolis.com\/index.php\/wp-json\/wp\/v2\/posts"}],"about":[{"href":"https:\/\/revistaacropolis.com\/index.php\/wp-json\/wp\/v2\/types\/post"}],"author":[{"embeddable":true,"href":"https:\/\/revistaacropolis.com\/index.php\/wp-json\/wp\/v2\/users\/17"}],"replies":[{"embeddable":true,"href":"https:\/\/revistaacropolis.com\/index.php\/wp-json\/wp\/v2\/comments?post=17937"}],"version-history":[{"count":1,"href":"https:\/\/revistaacropolis.com\/index.php\/wp-json\/wp\/v2\/posts\/17937\/revisions"}],"predecessor-version":[{"id":17940,"href":"https:\/\/revistaacropolis.com\/index.php\/wp-json\/wp\/v2\/posts\/17937\/revisions\/17940"}],"wp:featuredmedia":[{"embeddable":true,"href":"https:\/\/revistaacropolis.com\/index.php\/wp-json\/wp\/v2\/media\/17939"}],"wp:attachment":[{"href":"https:\/\/revistaacropolis.com\/index.php\/wp-json\/wp\/v2\/media?parent=17937"}],"wp:term":[{"taxonomy":"category","embeddable":true,"href":"https:\/\/revistaacropolis.com\/index.php\/wp-json\/wp\/v2\/categories?post=17937"},{"taxonomy":"post_tag","embeddable":true,"href":"https:\/\/revistaacropolis.com\/index.php\/wp-json\/wp\/v2\/tags?post=17937"}],"curies":[{"name":"wp","href":"https:\/\/api.w.org\/{rel}","templated":true}]}}