{"id":18021,"date":"2024-09-24T07:19:43","date_gmt":"2024-09-24T13:19:43","guid":{"rendered":"https:\/\/revistaacropolis.com\/?p=18021"},"modified":"2024-09-24T07:19:55","modified_gmt":"2024-09-24T13:19:55","slug":"alcalde-de-ixmiquilpan-encabeza-su-tercer-mananera-un-programa-de-comunicacion-y-de-transparencia","status":"publish","type":"post","link":"https:\/\/revistaacropolis.com\/index.php\/alcalde-de-ixmiquilpan-encabeza-su-tercer-mananera-un-programa-de-comunicacion-y-de-transparencia\/sociedad\/comunicados\/","title":{"rendered":"Alcalde de Ixmiquilpan encabeza su tercer ma\u00f1anera; un programa de comunicaci\u00f3n y de transparencia."},"content":{"rendered":"\n<p>Este lunes, el presidente municipal de Ixmiquilpan, Emanuel Hern\u00e1ndez, llev\u00f3 a cabo la tercera \u201cMa\u00f1anera\u201d conferencia de prensa de cada lunes, un programa que dijo, est\u00e1 enfocado a comunicarse con la sociedad y sobre todo, garantizar la transparencia y el acceso a la informaci\u00f3n.<\/p>\n\n\n\n<p>Entre los temas abordados, destac\u00f3: la aprobaci\u00f3n del presupuesto de ingresos por unanimidad, del que destac\u00f3, como justo y que permita incrementar la recaudaci\u00f3n.<\/p>\n\n\n\n<figure class=\"wp-block-image size-large\"><img fetchpriority=\"high\" decoding=\"async\" width=\"1024\" height=\"685\" src=\"https:\/\/revistaacropolis.com\/wp-content\/uploads\/2024\/09\/WhatsApp-Image-2024-09-23-at-6.32.20-PM-1024x685.jpeg\" alt=\"\" class=\"wp-image-18022\" srcset=\"https:\/\/revistaacropolis.com\/wp-content\/uploads\/2024\/09\/WhatsApp-Image-2024-09-23-at-6.32.20-PM-1024x685.jpeg 1024w, https:\/\/revistaacropolis.com\/wp-content\/uploads\/2024\/09\/WhatsApp-Image-2024-09-23-at-6.32.20-PM-300x201.jpeg 300w, https:\/\/revistaacropolis.com\/wp-content\/uploads\/2024\/09\/WhatsApp-Image-2024-09-23-at-6.32.20-PM-768x514.jpeg 768w, https:\/\/revistaacropolis.com\/wp-content\/uploads\/2024\/09\/WhatsApp-Image-2024-09-23-at-6.32.20-PM-1536x1027.jpeg 1536w, https:\/\/revistaacropolis.com\/wp-content\/uploads\/2024\/09\/WhatsApp-Image-2024-09-23-at-6.32.20-PM-600x401.jpeg 600w, https:\/\/revistaacropolis.com\/wp-content\/uploads\/2024\/09\/WhatsApp-Image-2024-09-23-at-6.32.20-PM.jpeg 1600w\" sizes=\"(max-width: 1024px) 100vw, 1024px\" \/><\/figure>\n\n\n\n<p>\u00abDebo reconocer el esfuerzo de las y los regidores, as\u00ed como de las s\u00edndicos, por estudiar este documento y aprobarlo en tan pocos d\u00edas\u00bb.<\/p>\n\n\n\n<p>Asimismo, abord\u00f3 el tema de El Mandh\u00f3, sobre el bloqueo al relleno sanitario. Al respecto, el presidente municipal destac\u00f3, que fue mediante el di\u00e1logo y para disipar dudas y que permiti\u00f3 superar este problema. Sobre el aumento en el caudal del r\u00edo Tula, el presidente municipal destac\u00f3 la coordinaci\u00f3n con la CONAGUA para monitorear el comportamiento del r\u00edo y afirm\u00f3 que el municipio est\u00e1 preparado para enfrentar posibles contingencias. Por ahora pidi\u00f3, no bajar la guardia porque a\u00fan se espera un temporal lluvioso.<\/p>\n\n\n\n<figure class=\"wp-block-image size-large\"><img decoding=\"async\" width=\"1024\" height=\"685\" src=\"https:\/\/revistaacropolis.com\/wp-content\/uploads\/2024\/09\/WhatsApp-Image-2024-09-23-at-6.32.20-PM-2-1024x685.jpeg\" alt=\"\" class=\"wp-image-18023\" srcset=\"https:\/\/revistaacropolis.com\/wp-content\/uploads\/2024\/09\/WhatsApp-Image-2024-09-23-at-6.32.20-PM-2-1024x685.jpeg 1024w, https:\/\/revistaacropolis.com\/wp-content\/uploads\/2024\/09\/WhatsApp-Image-2024-09-23-at-6.32.20-PM-2-300x201.jpeg 300w, https:\/\/revistaacropolis.com\/wp-content\/uploads\/2024\/09\/WhatsApp-Image-2024-09-23-at-6.32.20-PM-2-768x514.jpeg 768w, https:\/\/revistaacropolis.com\/wp-content\/uploads\/2024\/09\/WhatsApp-Image-2024-09-23-at-6.32.20-PM-2-1536x1027.jpeg 1536w, https:\/\/revistaacropolis.com\/wp-content\/uploads\/2024\/09\/WhatsApp-Image-2024-09-23-at-6.32.20-PM-2-600x401.jpeg 600w, https:\/\/revistaacropolis.com\/wp-content\/uploads\/2024\/09\/WhatsApp-Image-2024-09-23-at-6.32.20-PM-2.jpeg 1600w\" sizes=\"(max-width: 1024px) 100vw, 1024px\" \/><\/figure>\n\n\n\n<p>Finalmente, el alcalde se refiri\u00f3 a un video grabado en los portales del municipio en contra del personal del \u00e1rea de reglamentos, que Cene la tarea de liberar espacios p\u00fablicos. El alcalde expres\u00f3 su respaldo al equipo de la direcci\u00f3n de reglamentos y dijo, que contin\u00faan los di\u00e1logos con los comerciantes para llegar a la liberaci\u00f3n total de las calles y banquetas, un reclamo y un anhelo de la mayor\u00eda de la poblaci\u00f3n y del turismo<\/p>\n","protected":false},"excerpt":{"rendered":"<p>Este lunes, el presidente municipal de Ixmiquilpan, Emanuel Hern\u00e1ndez, llev\u00f3 a cabo la tercera \u201cMa\u00f1anera\u201d conferencia de prensa de cada lunes, un programa que dijo, est\u00e1 enfocado a comunicarse con&hellip; <\/p>\n","protected":false},"author":17,"featured_media":18024,"comment_status":"closed","ping_status":"closed","sticky":false,"template":"","format":"standard","meta":{"two_page_speed":[],"_joinchat":[],"footnotes":""},"categories":[86],"tags":[],"class_list":["post-18021","post","type-post","status-publish","format-standard","has-post-thumbnail","hentry","category-comunicados"],"_links":{"self":[{"href":"https:\/\/revistaacropolis.com\/index.php\/wp-json\/wp\/v2\/posts\/18021","targetHints":{"allow":["GET"]}}],"collection":[{"href":"https:\/\/revistaacropolis.com\/index.php\/wp-json\/wp\/v2\/posts"}],"about":[{"href":"https:\/\/revistaacropolis.com\/index.php\/wp-json\/wp\/v2\/types\/post"}],"author":[{"embeddable":true,"href":"https:\/\/revistaacropolis.com\/index.php\/wp-json\/wp\/v2\/users\/17"}],"replies":[{"embeddable":true,"href":"https:\/\/revistaacropolis.com\/index.php\/wp-json\/wp\/v2\/comments?post=18021"}],"version-history":[{"count":1,"href":"https:\/\/revistaacropolis.com\/index.php\/wp-json\/wp\/v2\/posts\/18021\/revisions"}],"predecessor-version":[{"id":18025,"href":"https:\/\/revistaacropolis.com\/index.php\/wp-json\/wp\/v2\/posts\/18021\/revisions\/18025"}],"wp:featuredmedia":[{"embeddable":true,"href":"https:\/\/revistaacropolis.com\/index.php\/wp-json\/wp\/v2\/media\/18024"}],"wp:attachment":[{"href":"https:\/\/revistaacropolis.com\/index.php\/wp-json\/wp\/v2\/media?parent=18021"}],"wp:term":[{"taxonomy":"category","embeddable":true,"href":"https:\/\/revistaacropolis.com\/index.php\/wp-json\/wp\/v2\/categories?post=18021"},{"taxonomy":"post_tag","embeddable":true,"href":"https:\/\/revistaacropolis.com\/index.php\/wp-json\/wp\/v2\/tags?post=18021"}],"curies":[{"name":"wp","href":"https:\/\/api.w.org\/{rel}","templated":true}]}}