{"id":1807,"date":"2023-03-14T15:35:43","date_gmt":"2023-03-14T15:35:43","guid":{"rendered":"https:\/\/revistaacropolis.com\/?p=1807"},"modified":"2023-03-14T15:35:47","modified_gmt":"2023-03-14T15:35:47","slug":"desfile-de-carnavales-costo-alrededor-de-200-mil-pesos","status":"publish","type":"post","link":"https:\/\/revistaacropolis.com\/index.php\/desfile-de-carnavales-costo-alrededor-de-200-mil-pesos\/politica\/","title":{"rendered":"Desfile de carnavales cost\u00f3 alrededor de 200 mil pesos"},"content":{"rendered":"\n<p>El desfile Hidalgo est\u00e1 de Carnaval, que se llev\u00f3 a cabo en Pachuca, tuvo un costo de aproximadamente 200 mil pesos, afirm\u00f3 Orlando \u00c1ngeles P\u00e9rez, titular de la Oficial\u00eda Mayor del gobierno de Hidalgo.<\/p>\n\n\n\n<p>El integrante del gabinete del gobernador Julio Menchaca Salazar afirm\u00f3 que el contrato fue adjudicado de manera directa, debido a la falta de tiempo, pese a que la Secretar\u00eda de Turismo ten\u00eda previsto este evento con un mes de anticipaci\u00f3n, debido a que lo anunci\u00f3 por primera vez en enero.<\/p>\n\n\n\n<figure class=\"wp-block-pullquote\"><blockquote><p>\u201cSe hizo a trav\u00e9s de una adjudicaci\u00f3n directa por el tiempo en que se ten\u00eda que ejecutar. No recuerdo el monto exacto de la adjudicaci\u00f3n, estamos hablando de 200 mil pesos, creo lo que cost\u00f3\u201d.<\/p><cite>Mencion\u00f3 en entrevista con medios de comunicaci\u00f3n.<\/cite><\/blockquote><\/figure>\n\n\n\n<p>\u00c1ngeles P\u00e9rez indic\u00f3 que el presupuesto para este evento fue autorizado \u201cde manera tard\u00eda\u201d y que, adem\u00e1s, la primera licitaci\u00f3n se declar\u00f3 desierta porque la participante no cumpli\u00f3 con los requisitos de la convocatoria.<\/p>\n\n\n\n<p>A tan solo 10 d\u00edas de llevarse a cabo el desfile Hidalgo est\u00e1 de Carnaval, el gobierno de Hidalgo emiti\u00f3 una convocatoria para contratar los servicios integrales para el evento, que contemplaban la renta de carpas, mesas, sillas, estructuras, templete, audio, entre otras cosas.<\/p>\n\n\n\n<p>Sin embargo, esta fue declarada desierta tres d\u00edas previo a la celebraci\u00f3n, que fue el 18 de febrero pasado, de acuerdo con informaci\u00f3n de la licitaci\u00f3n p\u00fablica EA-913003989-N008-2023.<\/p>\n\n\n\n<p>En las bases de la convocatoria se requer\u00edan los servicios requeridos son el montaje y desmontaje de una carpa de 30 por 20 metros y otra de 15 por 20, ambas con iluminaci\u00f3n, para Plaza Ju\u00e1rez; otra de 5 por 5, para los vestidores, y otras dos m\u00e1s para el teatro Bartolom\u00e9 de Medina y la explanada de Plaza Independencia.<\/p>\n\n\n\n<p>Tambi\u00e9n se requer\u00eda de 60 mesas rectangulares, 120 sillas plegables, una estructura para la colocaci\u00f3n de dos lonas (una para el pabell\u00f3n artesanal y otra de bienvenida), un templete de tres niveles, una bazuca para aventar papelitos de colores guinda (color del partido Morena) y dorado, audio, planta de luz, 12 ba\u00f1os port\u00e1tiles, regaderas, box lunch para 2 mil personas, servicio de cafeter\u00eda para 50 personas y otro equipo de audio y templete para el arranque del desfile.<\/p>\n\n\n\n<p>En la convocatoria solo particip\u00f3 la contratista Idania Saucedo Lucio, con una propuesta econ\u00f3mica de 366 mil 160.96 pesos, seg\u00fan el acta de presentaci\u00f3n y apertura de proposiciones. No obstante, su propuesta fue descalificada, de acuerdo con el fallo, porque el registro que present\u00f3 del Padr\u00f3n de Proveedores no acredita la especialidad requerida para la contrataci\u00f3n.<\/p>\n\n\n\n<p>D\u00edas antes, Elizabeth Quintanar G\u00f3mez, titular de la Secretar\u00eda de Turismo de Hidalgo, dio a conocer que en el evento participar\u00edan m\u00e1s de 2 mil personas, 40 comparsas, 17 bandas y seis tr\u00edos.<\/p>\n\n\n\n<div class=\"wp-block-query is-layout-flow wp-block-query-is-layout-flow\"><ul class=\"wp-block-post-template is-layout-flow wp-block-post-template-is-layout-flow\"><li class=\"wp-block-post post-23409 post type-post status-publish format-standard has-post-thumbnail hentry category-sociedad tag-cecilia-del-rayo-vargas-chacon tag-desayuno-empresarial tag-hidalgo tag-paola-cruz tag-redmuem tag-silvino-lopez-tovar\">\n\n<div class=\"wp-block-columns are-vertically-aligned-center is-layout-flex wp-container-core-columns-is-layout-9d6595d7 wp-block-columns-is-layout-flex\">\n<div class=\"wp-block-column is-vertically-aligned-center is-layout-flow wp-block-column-is-layout-flow\" style=\"flex-basis:25%\"><figure class=\"wp-block-post-featured-image\"><a href=\"https:\/\/revistaacropolis.com\/index.php\/redmuem-hidalgo-fortalece-su-comunidad-empresarial-en-desayuno-exclusivo\/sociedad\/\" target=\"_self\"  ><img fetchpriority=\"high\" decoding=\"async\" width=\"2049\" height=\"1152\" src=\"https:\/\/revistaacropolis.com\/wp-content\/uploads\/2026\/04\/Portadas-Paginas-web-2026-04-30T125532.404.png\" class=\"attachment-post-thumbnail size-post-thumbnail wp-post-image\" alt=\"Redmuem Hidalgo fortalece su comunidad empresarial en desayuno exclusivo\" style=\"object-fit:cover;\" srcset=\"https:\/\/revistaacropolis.com\/wp-content\/uploads\/2026\/04\/Portadas-Paginas-web-2026-04-30T125532.404.png 2049w, https:\/\/revistaacropolis.com\/wp-content\/uploads\/2026\/04\/Portadas-Paginas-web-2026-04-30T125532.404-300x169.png 300w, https:\/\/revistaacropolis.com\/wp-content\/uploads\/2026\/04\/Portadas-Paginas-web-2026-04-30T125532.404-1024x576.png 1024w, https:\/\/revistaacropolis.com\/wp-content\/uploads\/2026\/04\/Portadas-Paginas-web-2026-04-30T125532.404-768x432.png 768w, https:\/\/revistaacropolis.com\/wp-content\/uploads\/2026\/04\/Portadas-Paginas-web-2026-04-30T125532.404-1536x864.png 1536w, https:\/\/revistaacropolis.com\/wp-content\/uploads\/2026\/04\/Portadas-Paginas-web-2026-04-30T125532.404-600x337.png 600w\" sizes=\"(max-width: 2049px) 100vw, 2049px\" \/><\/a><\/figure><\/div>\n\n\n\n<div class=\"wp-block-column is-vertically-aligned-center is-layout-flow wp-block-column-is-layout-flow\" style=\"flex-basis:75%\"><h2 class=\"wp-block-post-title has-small-font-size\"><a href=\"https:\/\/revistaacropolis.com\/index.php\/redmuem-hidalgo-fortalece-su-comunidad-empresarial-en-desayuno-exclusivo\/sociedad\/\" target=\"_self\" >Redmuem Hidalgo fortalece su comunidad empresarial en desayuno exclusivo<\/a><\/h2><\/div>\n<\/div>\n\n<\/li><li class=\"wp-block-post post-23402 post type-post status-publish format-standard has-post-thumbnail hentry category-sociedad tag-cristhian-martinez tag-feria-del-helado-artesanal-2026 tag-hidalgo tag-tula-de-allende tag-turismo\">\n\n<div class=\"wp-block-columns are-vertically-aligned-center is-layout-flex wp-container-core-columns-is-layout-9d6595d7 wp-block-columns-is-layout-flex\">\n<div class=\"wp-block-column is-vertically-aligned-center is-layout-flow wp-block-column-is-layout-flow\" style=\"flex-basis:25%\"><figure class=\"wp-block-post-featured-image\"><a href=\"https:\/\/revistaacropolis.com\/index.php\/impulsa-cristhian-martinez-el-turismo-la-cultura-y-la-gastronomia-con-la-feria-del-helado-artesanal-2026\/sociedad\/\" target=\"_self\"  ><img decoding=\"async\" width=\"2049\" height=\"1152\" src=\"https:\/\/revistaacropolis.com\/wp-content\/uploads\/2026\/04\/Portadas-Paginas-web-2026-04-29T124657.299.png\" class=\"attachment-post-thumbnail size-post-thumbnail wp-post-image\" alt=\"Impulsa Cristhian Mart\u00ednez el turismo, la cultura y la gastronom\u00eda con la Feria del Helado Artesanal 2026\" style=\"object-fit:cover;\" srcset=\"https:\/\/revistaacropolis.com\/wp-content\/uploads\/2026\/04\/Portadas-Paginas-web-2026-04-29T124657.299.png 2049w, https:\/\/revistaacropolis.com\/wp-content\/uploads\/2026\/04\/Portadas-Paginas-web-2026-04-29T124657.299-300x169.png 300w, https:\/\/revistaacropolis.com\/wp-content\/uploads\/2026\/04\/Portadas-Paginas-web-2026-04-29T124657.299-1024x576.png 1024w, https:\/\/revistaacropolis.com\/wp-content\/uploads\/2026\/04\/Portadas-Paginas-web-2026-04-29T124657.299-768x432.png 768w, https:\/\/revistaacropolis.com\/wp-content\/uploads\/2026\/04\/Portadas-Paginas-web-2026-04-29T124657.299-1536x864.png 1536w, https:\/\/revistaacropolis.com\/wp-content\/uploads\/2026\/04\/Portadas-Paginas-web-2026-04-29T124657.299-600x337.png 600w\" sizes=\"(max-width: 2049px) 100vw, 2049px\" \/><\/a><\/figure><\/div>\n\n\n\n<div class=\"wp-block-column is-vertically-aligned-center is-layout-flow wp-block-column-is-layout-flow\" style=\"flex-basis:75%\"><h2 class=\"wp-block-post-title has-small-font-size\"><a href=\"https:\/\/revistaacropolis.com\/index.php\/impulsa-cristhian-martinez-el-turismo-la-cultura-y-la-gastronomia-con-la-feria-del-helado-artesanal-2026\/sociedad\/\" target=\"_self\" >Impulsa Cristhian Mart\u00ednez el turismo, la cultura y la gastronom\u00eda con la Feria del Helado Artesanal 2026<\/a><\/h2><\/div>\n<\/div>\n\n<\/li><\/ul><\/div>\n\n\n\n<p>En rueda de prensa, dio a conocer la ruta del desfile. La salida fue en el estadio Revoluci\u00f3n, para continuar por la avenida que lleva el mismo nombre, Allende, Matamoros, El Reloj Monumental, Guerrero y concluy\u00f3 en plaza Ju\u00e1rez.<\/p>\n\n\n\n<p>Mientras que en la explanada de plaza Ju\u00e1rez hubo una muestra gastron\u00f3mica, en la que participar\u00e1n algunos municipios que tienen la denominaci\u00f3n de Pueblos con Sabor, y una exposici\u00f3n artesanal con 50 expositores.<\/p>\n","protected":false},"excerpt":{"rendered":"<p>El desfile Hidalgo est\u00e1 de Carnaval, que se llev\u00f3 a cabo en Pachuca, tuvo un costo de aproximadamente 200 mil pesos, afirm\u00f3 Orlando \u00c1ngeles P\u00e9rez, titular de la Oficial\u00eda Mayor&hellip; <\/p>\n","protected":false},"author":9,"featured_media":1808,"comment_status":"closed","ping_status":"closed","sticky":false,"template":"","format":"standard","meta":{"two_page_speed":[],"_joinchat":[],"footnotes":""},"categories":[1,57],"tags":[204,91,284],"class_list":["post-1807","post","type-post","status-publish","format-standard","has-post-thumbnail","hentry","category-politica","category-sociedad","tag-carnavales","tag-pachuca","tag-turismo"],"_links":{"self":[{"href":"https:\/\/revistaacropolis.com\/index.php\/wp-json\/wp\/v2\/posts\/1807","targetHints":{"allow":["GET"]}}],"collection":[{"href":"https:\/\/revistaacropolis.com\/index.php\/wp-json\/wp\/v2\/posts"}],"about":[{"href":"https:\/\/revistaacropolis.com\/index.php\/wp-json\/wp\/v2\/types\/post"}],"author":[{"embeddable":true,"href":"https:\/\/revistaacropolis.com\/index.php\/wp-json\/wp\/v2\/users\/9"}],"replies":[{"embeddable":true,"href":"https:\/\/revistaacropolis.com\/index.php\/wp-json\/wp\/v2\/comments?post=1807"}],"version-history":[{"count":1,"href":"https:\/\/revistaacropolis.com\/index.php\/wp-json\/wp\/v2\/posts\/1807\/revisions"}],"predecessor-version":[{"id":1809,"href":"https:\/\/revistaacropolis.com\/index.php\/wp-json\/wp\/v2\/posts\/1807\/revisions\/1809"}],"wp:featuredmedia":[{"embeddable":true,"href":"https:\/\/revistaacropolis.com\/index.php\/wp-json\/wp\/v2\/media\/1808"}],"wp:attachment":[{"href":"https:\/\/revistaacropolis.com\/index.php\/wp-json\/wp\/v2\/media?parent=1807"}],"wp:term":[{"taxonomy":"category","embeddable":true,"href":"https:\/\/revistaacropolis.com\/index.php\/wp-json\/wp\/v2\/categories?post=1807"},{"taxonomy":"post_tag","embeddable":true,"href":"https:\/\/revistaacropolis.com\/index.php\/wp-json\/wp\/v2\/tags?post=1807"}],"curies":[{"name":"wp","href":"https:\/\/api.w.org\/{rel}","templated":true}]}}