{"id":18290,"date":"2024-10-08T14:20:37","date_gmt":"2024-10-08T20:20:37","guid":{"rendered":"https:\/\/revistaacropolis.com\/?p=18290"},"modified":"2024-10-08T14:20:50","modified_gmt":"2024-10-08T20:20:50","slug":"31-minutos-se-queda-otra-temporada-mas-en-la-cdmx","status":"publish","type":"post","link":"https:\/\/revistaacropolis.com\/index.php\/31-minutos-se-queda-otra-temporada-mas-en-la-cdmx\/arte-y-cultura\/","title":{"rendered":"31 Minutos se queda otra temporada m\u00e1s en la CDMX"},"content":{"rendered":"\n<ul class=\"wp-block-list\">\n<li><strong>Tras \u00e9xito rotundo reabrir\u00e1n la exposici\u00f3n desde el 3 de octubre<\/strong><\/li>\n<\/ul>\n\n\n\n<p>POR: DANIEL MART\u00cdNEZ.<\/p>\n\n\n\n<p>La famosa serie chilena de televisi\u00f3n <strong>31 Minutos<\/strong>, conocida por su humor irreverente y sus personajes ic\u00f3nicos, regresar\u00e1 al <strong>Museo Franz Mayer<\/strong> de la Ciudad de M\u00e9xico tras el \u00e9xito obtenido en su exposici\u00f3n interactiva.<\/p>\n\n\n\n<p>De acuerdo a la informaci\u00f3n proporcionada por la cuenta oficial del programa en Instagram, esta muestra reabrir\u00e1 sus puertas a las y los visitantes a partir del jueves 3 de octubre y hasta nuevo aviso. Cabe se\u00f1alar que inicialmente la exposici\u00f3n estaba programada para cerrar el pasado 29 de septiembre, sin embargo la alta semana permitir\u00e1 a la fanaticada disfrutar nuevamente de este homenaje al noticiero m\u00e1s querido de Am\u00e9rica Latina.<\/p>\n\n\n\n<p>Durante este recorrido por lo m\u00e1s entra\u00f1able del programa los asistentes pueden participar en actividades interactivas, explorar los sets recreados del noticiero y disfrutar de los momentos m\u00e1s memorables de la serie.<\/p>\n\n\n\n<p>Los boletos para <strong>MUSEO 31<\/strong> est\u00e1n disponibles a trav\u00e9s de la p\u00e1gina oficial del <strong>Museo Franz Mayer<\/strong>. Los precios son accesibles para toda la familia:<\/p>\n\n\n\n<p>&nbsp;&nbsp;&nbsp;&nbsp; \u2022&nbsp;&nbsp;&nbsp;&nbsp;&nbsp;&nbsp;&nbsp;&nbsp;&nbsp; <strong>90 pesos<\/strong> para menores de 7 a 17 a\u00f1os,<\/p>\n\n\n\n<p>&nbsp;&nbsp;&nbsp;&nbsp; \u2022&nbsp;&nbsp;&nbsp;&nbsp;&nbsp;&nbsp;&nbsp;&nbsp;&nbsp; <strong>180 pesos<\/strong> para mayores de 18 a\u00f1os,<\/p>\n\n\n\n<p>&nbsp;&nbsp;&nbsp;&nbsp; \u2022&nbsp;&nbsp;&nbsp;&nbsp;&nbsp;&nbsp;&nbsp;&nbsp;&nbsp; Entrada <strong>gratuita<\/strong> para ni\u00f1os menores de 6 a\u00f1os.<strong>MUSEO 31<\/strong>, fue originalmente inaugurada en Chile por la <strong>Fundaci\u00f3n Teatro a Mil<\/strong> junto con <strong>Aplapac<\/strong>, una casa de contenido chilena, como parte de la celebraci\u00f3n de los <strong>20 a\u00f1os<\/strong> de historia del programa. Este homenaje rinde tributo al impacto cultural que <strong>31 Minutos<\/strong> ha tenido no solo en Chile, sino en toda Am\u00e9rica Latina, donde se ha convertido en un referente de la televisi\u00f3n infantil y juvenil.<\/p>\n","protected":false},"excerpt":{"rendered":"<p>POR: DANIEL MART\u00cdNEZ. La famosa serie chilena de televisi\u00f3n 31 Minutos, conocida por su humor irreverente y sus personajes ic\u00f3nicos, regresar\u00e1 al Museo Franz Mayer de la Ciudad de M\u00e9xico&hellip; <\/p>\n","protected":false},"author":17,"featured_media":18291,"comment_status":"closed","ping_status":"closed","sticky":false,"template":"","format":"standard","meta":{"two_page_speed":[],"_joinchat":[],"footnotes":""},"categories":[2789],"tags":[],"class_list":["post-18290","post","type-post","status-publish","format-standard","has-post-thumbnail","hentry","category-arte-y-cultura"],"_links":{"self":[{"href":"https:\/\/revistaacropolis.com\/index.php\/wp-json\/wp\/v2\/posts\/18290","targetHints":{"allow":["GET"]}}],"collection":[{"href":"https:\/\/revistaacropolis.com\/index.php\/wp-json\/wp\/v2\/posts"}],"about":[{"href":"https:\/\/revistaacropolis.com\/index.php\/wp-json\/wp\/v2\/types\/post"}],"author":[{"embeddable":true,"href":"https:\/\/revistaacropolis.com\/index.php\/wp-json\/wp\/v2\/users\/17"}],"replies":[{"embeddable":true,"href":"https:\/\/revistaacropolis.com\/index.php\/wp-json\/wp\/v2\/comments?post=18290"}],"version-history":[{"count":1,"href":"https:\/\/revistaacropolis.com\/index.php\/wp-json\/wp\/v2\/posts\/18290\/revisions"}],"predecessor-version":[{"id":18292,"href":"https:\/\/revistaacropolis.com\/index.php\/wp-json\/wp\/v2\/posts\/18290\/revisions\/18292"}],"wp:featuredmedia":[{"embeddable":true,"href":"https:\/\/revistaacropolis.com\/index.php\/wp-json\/wp\/v2\/media\/18291"}],"wp:attachment":[{"href":"https:\/\/revistaacropolis.com\/index.php\/wp-json\/wp\/v2\/media?parent=18290"}],"wp:term":[{"taxonomy":"category","embeddable":true,"href":"https:\/\/revistaacropolis.com\/index.php\/wp-json\/wp\/v2\/categories?post=18290"},{"taxonomy":"post_tag","embeddable":true,"href":"https:\/\/revistaacropolis.com\/index.php\/wp-json\/wp\/v2\/tags?post=18290"}],"curies":[{"name":"wp","href":"https:\/\/api.w.org\/{rel}","templated":true}]}}