{"id":18416,"date":"2024-10-16T19:02:50","date_gmt":"2024-10-17T01:02:50","guid":{"rendered":"https:\/\/revistaacropolis.com\/?p=18416"},"modified":"2024-10-16T19:03:04","modified_gmt":"2024-10-17T01:03:04","slug":"alarmante-el-tema-de-la-salud-mental-en-mexico-unam","status":"publish","type":"post","link":"https:\/\/revistaacropolis.com\/index.php\/alarmante-el-tema-de-la-salud-mental-en-mexico-unam\/educacion\/","title":{"rendered":"Alarmante el tema de la salud mental en M\u00e9xico: UNAM"},"content":{"rendered":"\n<p>Por: Daniel Mart\u00ednez.<\/p>\n\n\n\n<p>Un estudio reciente de la Universidad Nacional Aut\u00f3noma de M\u00e9xico (UNAM) revel\u00f3 que el 45% de los estudiantes de nivel secundaria y preparatoria han reportado cambios bruscos en s\u00edntomas de ansiedad y depresi\u00f3n, lo cual representa un aumento significativo en comparaci\u00f3n con a\u00f1os anteriores.<\/p>\n\n\n\n<p>El informe detall\u00f3 que el uso excesivo de redes sociales y la presi\u00f3n por mantener una imagen p\u00fablica idealizada son factores que contribuyen a esta crisis. De acuerdo a la UNAM muchos adolescentes se sienten abrumados por la necesidad de presentarse de manera perfecta en plataformas digitales, lo que afecta su bienestar emocional.<\/p>\n\n\n\n<p>&nbsp;A pesar de la creciente demanda de apoyo psicol\u00f3gico emanada del ejecutivo federal, muchos j\u00f3venes no reciben la atenci\u00f3n que necesitan, lo que podr\u00eda tener consecuencias graves en su desarrollo y calidad de vida.<\/p>\n\n\n\n<p>En respuesta a esta problem\u00e1tica, autoridades y organizaciones no gubernamentales han iniciado diversas iniciativas para abordar la crisis con campa\u00f1as de concienciaci\u00f3n sobre la importancia de la salud mental y la integraci\u00f3n de programas de apoyo en las escuelas. Aunado a ello, expertos advierten que se requiere un esfuerzo colectivo para desestigmatizar el tema y garantizar que se tenga acceso a los recursos necesarios.<\/p>\n\n\n\n<p>Este 10 de octubre en el &nbsp;D\u00eda de la Salud Mental es importante que la sociedad reconozca la importancia de brindar apoyo a los j\u00f3venes que enfrentan desaf\u00edos emocionales. Con la implementaci\u00f3n de medidas adecuadas y un cambio en la percepci\u00f3n p\u00fablica, se puede trabajar hacia un futuro donde todos los adolescentes tengan la oportunidad de cuidar de su salud mental.<\/p>\n\n\n\n<p>Fuente: UNAM<\/p>\n","protected":false},"excerpt":{"rendered":"<p>Por: Daniel Mart\u00ednez. Un estudio reciente de la Universidad Nacional Aut\u00f3noma de M\u00e9xico (UNAM) revel\u00f3 que el 45% de los estudiantes de nivel secundaria y preparatoria han reportado cambios bruscos&hellip; <\/p>\n","protected":false},"author":17,"featured_media":18417,"comment_status":"closed","ping_status":"closed","sticky":false,"template":"","format":"standard","meta":{"two_page_speed":[],"_joinchat":[],"footnotes":""},"categories":[2790],"tags":[],"class_list":["post-18416","post","type-post","status-publish","format-standard","has-post-thumbnail","hentry","category-educacion"],"_links":{"self":[{"href":"https:\/\/revistaacropolis.com\/index.php\/wp-json\/wp\/v2\/posts\/18416","targetHints":{"allow":["GET"]}}],"collection":[{"href":"https:\/\/revistaacropolis.com\/index.php\/wp-json\/wp\/v2\/posts"}],"about":[{"href":"https:\/\/revistaacropolis.com\/index.php\/wp-json\/wp\/v2\/types\/post"}],"author":[{"embeddable":true,"href":"https:\/\/revistaacropolis.com\/index.php\/wp-json\/wp\/v2\/users\/17"}],"replies":[{"embeddable":true,"href":"https:\/\/revistaacropolis.com\/index.php\/wp-json\/wp\/v2\/comments?post=18416"}],"version-history":[{"count":1,"href":"https:\/\/revistaacropolis.com\/index.php\/wp-json\/wp\/v2\/posts\/18416\/revisions"}],"predecessor-version":[{"id":18418,"href":"https:\/\/revistaacropolis.com\/index.php\/wp-json\/wp\/v2\/posts\/18416\/revisions\/18418"}],"wp:featuredmedia":[{"embeddable":true,"href":"https:\/\/revistaacropolis.com\/index.php\/wp-json\/wp\/v2\/media\/18417"}],"wp:attachment":[{"href":"https:\/\/revistaacropolis.com\/index.php\/wp-json\/wp\/v2\/media?parent=18416"}],"wp:term":[{"taxonomy":"category","embeddable":true,"href":"https:\/\/revistaacropolis.com\/index.php\/wp-json\/wp\/v2\/categories?post=18416"},{"taxonomy":"post_tag","embeddable":true,"href":"https:\/\/revistaacropolis.com\/index.php\/wp-json\/wp\/v2\/tags?post=18416"}],"curies":[{"name":"wp","href":"https:\/\/api.w.org\/{rel}","templated":true}]}}