{"id":19027,"date":"2025-01-16T13:45:56","date_gmt":"2025-01-16T19:45:56","guid":{"rendered":"https:\/\/revistaacropolis.com\/?p=19027"},"modified":"2025-01-16T13:46:07","modified_gmt":"2025-01-16T19:46:07","slug":"lanza-antorcha-convocatoria-para-espartaqueada-cultural-nacional-2025","status":"publish","type":"post","link":"https:\/\/revistaacropolis.com\/index.php\/lanza-antorcha-convocatoria-para-espartaqueada-cultural-nacional-2025\/sociedad\/comunicados\/","title":{"rendered":"Lanza Antorcha convocatoria para Espartaqueada Cultural Nacional 2025"},"content":{"rendered":"\n<ul class=\"wp-block-list\">\n<li><em>La Espartaqueda Cultural es la competencia art\u00edstica m\u00e1s importante de M\u00e9xico.<\/em><\/li>\n<\/ul>\n\n\n\n<p>El Movimiento Antorchista Nacional, a trav\u00e9s de su Comisi\u00f3n Cultural, anunci\u00f3 la realizaci\u00f3n de su XXI Espartaqueada Cultural Nacional que se realizar\u00e1 del 5 al 13 de abril del 2025 en Tecomatl\u00e1n, Puebla, la \u201cAtenas de la Mixteca\u201d; se espera que este evento cuente con la participaci\u00f3n de miles de artistas, provenientes de los diferentes estados de la Rep\u00fablica.<\/p>\n\n\n\n<figure class=\"wp-block-image size-large\"><img fetchpriority=\"high\" decoding=\"async\" width=\"1024\" height=\"682\" src=\"https:\/\/revistaacropolis.com\/wp-content\/uploads\/2025\/01\/IMG-20250116-WA0033-1024x682.jpg\" alt=\"\" class=\"wp-image-19028\" srcset=\"https:\/\/revistaacropolis.com\/wp-content\/uploads\/2025\/01\/IMG-20250116-WA0033-1024x682.jpg 1024w, https:\/\/revistaacropolis.com\/wp-content\/uploads\/2025\/01\/IMG-20250116-WA0033-300x200.jpg 300w, https:\/\/revistaacropolis.com\/wp-content\/uploads\/2025\/01\/IMG-20250116-WA0033-768x512.jpg 768w, https:\/\/revistaacropolis.com\/wp-content\/uploads\/2025\/01\/IMG-20250116-WA0033-1536x1023.jpg 1536w, https:\/\/revistaacropolis.com\/wp-content\/uploads\/2025\/01\/IMG-20250116-WA0033-600x400.jpg 600w, https:\/\/revistaacropolis.com\/wp-content\/uploads\/2025\/01\/IMG-20250116-WA0033.jpg 1600w\" sizes=\"(max-width: 1024px) 100vw, 1024px\" \/><\/figure>\n\n\n\n<p>En este evento, que es \u00fanico en su tipo, compiten miles de artistas y aficionados a las Bellas Artes que volver\u00e1n a concentrarse para someter al escrutinio p\u00fablico sus habilidades art\u00edsticas como m\u00fasica en las modalidades solista, dueto, coro y rondalla; poes\u00eda individual y coral; oratoria, danza, bailes tradicionales de M\u00e9xico y la demostraci\u00f3n de propuestas escenogr\u00e1ficas de folclor internacional, disciplinas que se desarrollar\u00e1n desde la categor\u00eda infantil hasta la semiprofesional.<\/p>\n\n\n\n<p>Al respecto, Homero Aguirre Enr\u00edquez, vocero nacional de esta organizaci\u00f3n destac\u00f3 que \u201cAntorcha volver\u00e1 a hacer gala de su capacidad de convocatoria cultural a pesar de no contar con presupuesto oficial para la realizaci\u00f3n de la fiesta y competencia art\u00edstica m\u00e1s importante de M\u00e9xico, por el n\u00famero de participantes que desfilan en los escenarios culturales de Tecomatl\u00e1n\u201d.<\/p>\n\n\n\n<figure class=\"wp-block-image size-full\"><img decoding=\"async\" width=\"719\" height=\"819\" src=\"https:\/\/revistaacropolis.com\/wp-content\/uploads\/2025\/01\/IMG-20250116-WA0034.jpg\" alt=\"\" class=\"wp-image-19029\" srcset=\"https:\/\/revistaacropolis.com\/wp-content\/uploads\/2025\/01\/IMG-20250116-WA0034.jpg 719w, https:\/\/revistaacropolis.com\/wp-content\/uploads\/2025\/01\/IMG-20250116-WA0034-263x300.jpg 263w, https:\/\/revistaacropolis.com\/wp-content\/uploads\/2025\/01\/IMG-20250116-WA0034-527x600.jpg 527w\" sizes=\"(max-width: 719px) 100vw, 719px\" \/><\/figure>\n\n\n\n<p>Y es que durante ochos d\u00edas, miles de mexicanos disfrutar\u00e1n del color y del movimiento, del arte de la bella expresi\u00f3n y de canciones emotivas, pues, se trata de realizar actividades art\u00edsticas para el fomento de la cultura, el cultivo de la idiosincrasia, como recurso inigualable en la educaci\u00f3n y organizaci\u00f3n pol\u00edtica de los pobres de M\u00e9xico.<\/p>\n\n\n\n<p>El s\u00e1bado 5 de abril se llevar\u00e1 a cabo la inauguraci\u00f3n del evento cultural en el auditorio \u201cParten\u00f3n\u201d y el domingo 6 arrancar\u00e1 la justa cultural con la disciplina de m\u00fasica en dos sedes, que ser\u00e1n los auditorios \u201cParten\u00f3n\u201d y \u201cClara C\u00f3rdova Mor\u00e1n\u201d, ambos escenarios perfectamente preparados para las grandes sorpresas de los grupos art\u00edsticos.<\/p>\n\n\n\n<figure class=\"wp-block-gallery has-nested-images columns-default is-cropped wp-block-gallery-1 is-layout-flex wp-block-gallery-is-layout-flex\">\n<figure class=\"wp-block-image size-large\"><img decoding=\"async\" width=\"1024\" height=\"682\" data-id=\"19030\" src=\"https:\/\/revistaacropolis.com\/wp-content\/uploads\/2025\/01\/IMG-20250116-WA0035-1024x682.jpg\" alt=\"\" class=\"wp-image-19030\" srcset=\"https:\/\/revistaacropolis.com\/wp-content\/uploads\/2025\/01\/IMG-20250116-WA0035-1024x682.jpg 1024w, https:\/\/revistaacropolis.com\/wp-content\/uploads\/2025\/01\/IMG-20250116-WA0035-300x200.jpg 300w, https:\/\/revistaacropolis.com\/wp-content\/uploads\/2025\/01\/IMG-20250116-WA0035-768x512.jpg 768w, https:\/\/revistaacropolis.com\/wp-content\/uploads\/2025\/01\/IMG-20250116-WA0035-1536x1023.jpg 1536w, https:\/\/revistaacropolis.com\/wp-content\/uploads\/2025\/01\/IMG-20250116-WA0035-600x400.jpg 600w, https:\/\/revistaacropolis.com\/wp-content\/uploads\/2025\/01\/IMG-20250116-WA0035.jpg 1600w\" sizes=\"(max-width: 1024px) 100vw, 1024px\" \/><\/figure>\n\n\n\n<figure class=\"wp-block-image size-large\"><img loading=\"lazy\" decoding=\"async\" width=\"1024\" height=\"677\" data-id=\"19031\" src=\"https:\/\/revistaacropolis.com\/wp-content\/uploads\/2025\/01\/IMG-20250116-WA0036-1024x677.jpg\" alt=\"\" class=\"wp-image-19031\" srcset=\"https:\/\/revistaacropolis.com\/wp-content\/uploads\/2025\/01\/IMG-20250116-WA0036-1024x677.jpg 1024w, https:\/\/revistaacropolis.com\/wp-content\/uploads\/2025\/01\/IMG-20250116-WA0036-300x198.jpg 300w, https:\/\/revistaacropolis.com\/wp-content\/uploads\/2025\/01\/IMG-20250116-WA0036-768x508.jpg 768w, https:\/\/revistaacropolis.com\/wp-content\/uploads\/2025\/01\/IMG-20250116-WA0036-1536x1016.jpg 1536w, https:\/\/revistaacropolis.com\/wp-content\/uploads\/2025\/01\/IMG-20250116-WA0036-600x397.jpg 600w, https:\/\/revistaacropolis.com\/wp-content\/uploads\/2025\/01\/IMG-20250116-WA0036.jpg 1600w\" sizes=\"(max-width: 1024px) 100vw, 1024px\" \/><\/figure>\n<\/figure>\n\n\n\n<p>Siendo la Espartaqueada Cultural el primer evento nacional del 2025, el Movimiento Antorchista hace la cordial invitaci\u00f3n a asistir y participar en el m\u00e1ximo evento en materia art\u00edstica que realizar\u00e1 la organizaci\u00f3n de los pobres en M\u00e9xico. <\/p>\n\n\n\n<p>Los artistas interesados en participar en esta edici\u00f3n cultural podr\u00e1n consultar la convocatoria oficial en el portal de internet www.movimientoantorchista.org.mx o solicitar informaci\u00f3n a trav\u00e9s de las redes sociales de la organizaci\u00f3n, tanto en Facebook como en X.<\/p>\n","protected":false},"excerpt":{"rendered":"<p>El Movimiento Antorchista Nacional, a trav\u00e9s de su Comisi\u00f3n Cultural, anunci\u00f3 la realizaci\u00f3n de su XXI Espartaqueada Cultural Nacional que se realizar\u00e1 del 5 al 13 de abril del 2025&hellip; <\/p>\n","protected":false},"author":17,"featured_media":19033,"comment_status":"closed","ping_status":"closed","sticky":false,"template":"","format":"standard","meta":{"two_page_speed":[],"_joinchat":[],"footnotes":""},"categories":[86],"tags":[],"class_list":["post-19027","post","type-post","status-publish","format-standard","has-post-thumbnail","hentry","category-comunicados"],"_links":{"self":[{"href":"https:\/\/revistaacropolis.com\/index.php\/wp-json\/wp\/v2\/posts\/19027","targetHints":{"allow":["GET"]}}],"collection":[{"href":"https:\/\/revistaacropolis.com\/index.php\/wp-json\/wp\/v2\/posts"}],"about":[{"href":"https:\/\/revistaacropolis.com\/index.php\/wp-json\/wp\/v2\/types\/post"}],"author":[{"embeddable":true,"href":"https:\/\/revistaacropolis.com\/index.php\/wp-json\/wp\/v2\/users\/17"}],"replies":[{"embeddable":true,"href":"https:\/\/revistaacropolis.com\/index.php\/wp-json\/wp\/v2\/comments?post=19027"}],"version-history":[{"count":1,"href":"https:\/\/revistaacropolis.com\/index.php\/wp-json\/wp\/v2\/posts\/19027\/revisions"}],"predecessor-version":[{"id":19034,"href":"https:\/\/revistaacropolis.com\/index.php\/wp-json\/wp\/v2\/posts\/19027\/revisions\/19034"}],"wp:featuredmedia":[{"embeddable":true,"href":"https:\/\/revistaacropolis.com\/index.php\/wp-json\/wp\/v2\/media\/19033"}],"wp:attachment":[{"href":"https:\/\/revistaacropolis.com\/index.php\/wp-json\/wp\/v2\/media?parent=19027"}],"wp:term":[{"taxonomy":"category","embeddable":true,"href":"https:\/\/revistaacropolis.com\/index.php\/wp-json\/wp\/v2\/categories?post=19027"},{"taxonomy":"post_tag","embeddable":true,"href":"https:\/\/revistaacropolis.com\/index.php\/wp-json\/wp\/v2\/tags?post=19027"}],"curies":[{"name":"wp","href":"https:\/\/api.w.org\/{rel}","templated":true}]}}