{"id":19094,"date":"2025-01-27T12:44:29","date_gmt":"2025-01-27T18:44:29","guid":{"rendered":"https:\/\/revistaacropolis.com\/?p=19094"},"modified":"2025-01-27T12:44:29","modified_gmt":"2025-01-27T18:44:29","slug":"congreso-de-hidalgo-respalda-politicas-publicas-del-gobernador-julio-menchaca-sobre-migracion","status":"publish","type":"post","link":"https:\/\/revistaacropolis.com\/index.php\/congreso-de-hidalgo-respalda-politicas-publicas-del-gobernador-julio-menchaca-sobre-migracion\/sociedad\/comunicados\/","title":{"rendered":"Congreso de Hidalgo respalda pol\u00edticas p\u00fablicas del gobernador Julio Menchaca sobre migraci\u00f3n"},"content":{"rendered":"\n<p>En un mensaje de solidaridad y uni\u00f3n, diputadas y diputados de la LXVI Legislatura reconocieron los esfuerzos y programas implementados por el gobierno de M\u00e9xico que encabeza la Presidenta Claudia Sheinbaum Pardo y el gobernador de Hidalgo, Julio Menchaca Salazar, a favor de los migrantes hidalguenses.<\/p>\n\n\n\n<p>En un momento en el que M\u00e9xico enfrenta desaf\u00edos internacionales, los legisladores, encabezados por el presidente de la Junta de Gobierno del Congreso de Hidalgo, Andr\u00e9s Vel\u00e1zquez V\u00e1zquez, consideran fundamental mostrar solidaridad, como una sociedad que sabe reconocer y defender a quienes con valent\u00eda emigran a otro pa\u00eds, especialmente a Estados Unidos, en busca de una vida mejor.<\/p>\n\n\n\n<p>En esta carta dirigida al pueblo de Hidalgo, las diputadas y los diputados agradecieron la confianza que depositan en las autoridades de los tres \u00f3rdenes de gobierno, los m\u00e1s de 420 mil migrantes que radican en la Uni\u00f3n Americana, lo cual permite que sus familias en el estado cuenten con mejores servicios de salud, educaci\u00f3n y seguridad para vivir con mayor bienestar.<\/p>\n\n\n\n<p>Las y los representantes del Congreso del Estado Libre y Soberano de Hidalgo explicaron que las acciones implementadas, como el reencuentro familiar, asesor\u00eda jur\u00eddica, obtenci\u00f3n de visas, apoyo a migrantes extraviados y traslado de restos, entre otros, no solo buscan proporcionar asistencia con calidad y humanismo, tambi\u00e9n promueven proyectos que benefician a familiares, comunidades y pueblos.<\/p>\n\n\n\n<p>Adem\u00e1s, recordaron que con el env\u00edo de remesas, las personas migrantes realizan un valioso aporte econ\u00f3mico y social para que Hidalgo sea un mejor lugar para vivir.<\/p>\n\n\n\n<p>En el documento, las diputadas y los diputados indicaron que desde la LXVI Legislatura seguir\u00e1n fortaleciendo, con base en la ley, los programas que garantizan el bienestar de los hidalguenses, especialmente para aquellas personas que \u201choy nos necesitan m\u00e1s que nunca\u201d.<\/p>\n\n\n\n<p>Mientras que a los migrantes les aseguraron que no est\u00e1n solos, \u201ctengan la seguridad de que su esfuerzo y sacrificio son valorados y reconocidos en Hidalgo. Tienen un gobierno y un Congreso que trabajan d\u00eda tras d\u00eda por su bienestar y el de sus familias\u201d.<\/p>\n\n\n\n<p>Dicho documento fue firmado por los siguientes legisladores:<\/p>\n\n\n\n<p><strong>Andr\u00e9s Vel\u00e1zquez V\u00e1zquez<\/strong><\/p>\n\n\n\n<p>Presidente de la Junta de Gobierno del estado de Hidalgo<\/p>\n\n\n\n<p>Diputado del distrito XIII Pachuca Poniente<\/p>\n\n\n\n<p><strong>Diana Rangel Z\u00fa\u00f1iga<\/strong><\/p>\n\n\n\n<p>Presidenta de la Diputaci\u00f3n Permanente<\/p>\n\n\n\n<p>Diputada del distrito VII Mixquiahuala<\/p>\n\n\n\n<p><strong>Alhely Medina Hern\u00e1ndez<\/strong><\/p>\n\n\n\n<p>Diputada del distrito I Zimap\u00e1n<\/p>\n\n\n\n<p><strong>Jos\u00e9 Mar\u00eda Alejandro P\u00e9rez Ram\u00edrez<\/strong><\/p>\n\n\n\n<p>Diputado del distrito II Zacualtip\u00e1n<\/p>\n\n\n\n<p><strong>Juli\u00e1n Nochebuena Hern\u00e1ndez<\/strong><\/p>\n\n\n\n<p>Diputado del distrito III Tlanchinol<\/p>\n\n\n\n<p><strong>Paloma Barrag\u00e1n Santos<\/strong><\/p>\n\n\n\n<p>Diputada del distrito IV Huejutla<\/p>\n\n\n\n<p><strong>Cynthia Citlali Delgado Mendoza<\/strong><\/p>\n\n\n\n<p>Diputada del distrito V Ixmiquilpan<\/p>\n\n\n\n<p><strong>Alma Rosa El\u00edas Paso<\/strong><\/p>\n\n\n\n<p>Diputada del distrito VI Huichapan<\/p>\n\n\n\n<p><strong>Miguel \u00c1ngel Moreno Zamora<\/strong><\/p>\n\n\n\n<p>Diputado del distrito VIII Actopan<\/p>\n\n\n\n<p><strong>Yarabi Gonz\u00e1lez Mart\u00ednez<\/strong><\/p>\n\n\n\n<p>Diputada del distrito IX Metepec<\/p>\n\n\n\n<p><strong>Lizbeth Ira\u00eds Ordaz Islas<\/strong><\/p>\n\n\n\n<p>Diputada del distrito X Zempoala<\/p>\n\n\n\n<p><strong>Arturo G\u00f3mez Canales<\/strong><\/p>\n\n\n\n<p>Diputado del distrito XI Tulancingo<\/p>\n\n\n\n<p><strong>Tania Er\u00e9ndira Meza Escorza<\/strong><\/p>\n\n\n\n<p>Diputada del distrito XII Pachuca Oriente<\/p>\n\n\n\n<p><strong>Jos\u00e9 Luis Rodr\u00edguez Higareda<\/strong><\/p>\n\n\n\n<p>Diputado del distrito XIV Tula de Allende<\/p>\n\n\n\n<p><strong>Aldo Meza Hern\u00e1ndez<\/strong><\/p>\n\n\n\n<p>Diputado del distrito XV Tepeji del R\u00edo<\/p>\n\n\n\n<p><strong>Juan Pablo Escalante Urban<\/strong><\/p>\n\n\n\n<p>Diputado del distrito XVI Tizayuca<\/p>\n\n\n\n<p><strong>Hilda Miranda Miranda<\/strong><\/p>\n\n\n\n<p>Diputada del distrito XVII Mineral de la Reforma<\/p>\n\n\n\n<p><strong>M\u00f3nica Leanett Reyes Mart\u00ednez<\/strong><\/p>\n\n\n\n<p>Diputada del distrito XVIII Tepeapulco<\/p>\n\n\n\n<p><strong>Jorge Arg\u00fcelles Salazar<\/strong><\/p>\n\n\n\n<p>Diputado representaci\u00f3n proporcional<\/p>\n\n\n\n<p><strong>Juana Olivia Alarc\u00f3n Rivera<\/strong><\/p>\n\n\n\n<p>Diputada representaci\u00f3n proporcional<\/p>\n\n\n\n<p><strong>Francisco T\u00e9llez S\u00e1nchez<\/strong><\/p>\n\n\n\n<p>Diputado representaci\u00f3n proporcional<\/p>\n\n\n\n<p><strong>Orqu\u00eddea Larragoiti Osorio<\/strong><\/p>\n\n\n\n<p>Diputada representaci\u00f3n proporcional<\/p>\n\n\n\n<p><strong>Mar\u00eda Guadalupe Cruz Monta\u00f1o<\/strong><\/p>\n\n\n\n<p>Diputada representaci\u00f3n proporcional<\/p>\n\n\n\n<p><strong>Avelino Tovar Iglesias<\/strong><\/p>\n\n\n\n<p>Diputado representaci\u00f3n proporcional<\/p>\n\n\n\n<p><strong>Leonel Perusqu\u00eda Muedano<\/strong><\/p>\n\n\n\n<p>Diputado representaci\u00f3n proporcional<\/p>\n","protected":false},"excerpt":{"rendered":"<p>En un mensaje de solidaridad y uni\u00f3n, diputadas y diputados de la LXVI Legislatura reconocieron los esfuerzos y programas implementados por el gobierno de M\u00e9xico que encabeza la Presidenta Claudia&hellip; <\/p>\n","protected":false},"author":17,"featured_media":19097,"comment_status":"closed","ping_status":"closed","sticky":false,"template":"","format":"standard","meta":{"two_page_speed":[],"_joinchat":[],"footnotes":""},"categories":[86],"tags":[],"class_list":["post-19094","post","type-post","status-publish","format-standard","has-post-thumbnail","hentry","category-comunicados"],"_links":{"self":[{"href":"https:\/\/revistaacropolis.com\/index.php\/wp-json\/wp\/v2\/posts\/19094","targetHints":{"allow":["GET"]}}],"collection":[{"href":"https:\/\/revistaacropolis.com\/index.php\/wp-json\/wp\/v2\/posts"}],"about":[{"href":"https:\/\/revistaacropolis.com\/index.php\/wp-json\/wp\/v2\/types\/post"}],"author":[{"embeddable":true,"href":"https:\/\/revistaacropolis.com\/index.php\/wp-json\/wp\/v2\/users\/17"}],"replies":[{"embeddable":true,"href":"https:\/\/revistaacropolis.com\/index.php\/wp-json\/wp\/v2\/comments?post=19094"}],"version-history":[{"count":1,"href":"https:\/\/revistaacropolis.com\/index.php\/wp-json\/wp\/v2\/posts\/19094\/revisions"}],"predecessor-version":[{"id":19096,"href":"https:\/\/revistaacropolis.com\/index.php\/wp-json\/wp\/v2\/posts\/19094\/revisions\/19096"}],"wp:featuredmedia":[{"embeddable":true,"href":"https:\/\/revistaacropolis.com\/index.php\/wp-json\/wp\/v2\/media\/19097"}],"wp:attachment":[{"href":"https:\/\/revistaacropolis.com\/index.php\/wp-json\/wp\/v2\/media?parent=19094"}],"wp:term":[{"taxonomy":"category","embeddable":true,"href":"https:\/\/revistaacropolis.com\/index.php\/wp-json\/wp\/v2\/categories?post=19094"},{"taxonomy":"post_tag","embeddable":true,"href":"https:\/\/revistaacropolis.com\/index.php\/wp-json\/wp\/v2\/tags?post=19094"}],"curies":[{"name":"wp","href":"https:\/\/api.w.org\/{rel}","templated":true}]}}