{"id":19372,"date":"2025-02-19T09:16:21","date_gmt":"2025-02-19T15:16:21","guid":{"rendered":"https:\/\/revistaacropolis.com\/?p=19372"},"modified":"2025-02-19T09:16:28","modified_gmt":"2025-02-19T15:16:28","slug":"feria-regional-metropolitana-de-tizayuca-2025-recibio-alrededor-de-100-mil-visitantes","status":"publish","type":"post","link":"https:\/\/revistaacropolis.com\/index.php\/feria-regional-metropolitana-de-tizayuca-2025-recibio-alrededor-de-100-mil-visitantes\/sociedad\/comunicados\/","title":{"rendered":"Feria Regional Metropolitana de Tizayuca 2025 recibi\u00f3 alrededor de 100 mil visitantes"},"content":{"rendered":"\n<p><em>Durante los 10 d\u00edas de feria&nbsp;<\/em><em>los asistentes gozaron de un ambiente festivo y seguro gracias a la colaboraci\u00f3n interinstitucional<\/em><\/p>\n\n\n\n<p>Alrededor de 100 mil visitantes disfrutaron en un ambiente familiar y con&nbsp;saldo blanco&nbsp;en&nbsp;la tercera edici\u00f3n de la Feria Regional Metropolitana Tizayuca 2025&nbsp;que se llev\u00f3 a cabo&nbsp;del&nbsp;7 al 16 de febrero, actividad que conjunt\u00f3&nbsp;esfuerzos interinstitucionales y de las diferentes \u00e1reas que componen la administraci\u00f3n municipal.<\/p>\n\n\n\n<p>Esta edici\u00f3n destac\u00f3 por contar con un domo&nbsp;en&nbsp;el Teatro del Pueblo&nbsp;para m\u00e1s de 25 mil&nbsp;asistentes y que tuvo su m\u00e1ximaocupaci\u00f3n el s\u00e1bado 15 de febrero&nbsp;en la presentaci\u00f3n del grupo Bronco&nbsp;que reuni\u00f3 a m\u00e1s de 20 mil personas.<\/p>\n\n\n\n<p>Durante los 10 d\u00edas de feria, se mantuvo la seguridad con la presencia de m\u00e1s de mil 200 elementos en el recinto ferial, quienes a trav\u00e9s de operativos diarios y acciones como recorridos pie tierra, en&nbsp;moto patrullas&nbsp;y en la periferia con actividades de vialidad de parte de los elementos de la Secretar\u00eda de Seguridad Ciudadana, Polic\u00eda Estatal, Sedena, Guardia Nacional y Seguridad Privada. Se logr\u00f3 intervenir y localizar a tres personas&nbsp;que se encontraban extraviadas.<\/p>\n\n\n\n<p>Este a\u00f1o, la direcci\u00f3n de Gesti\u00f3n Integral de Riesgos, Protecci\u00f3n Civil y Bomberos, garantiz\u00f3 la&nbsp;seguridad de los asistentes&nbsp;y previno&nbsp;accidentes con acciones como inspecciones diarias en juegos mec\u00e1nicos y puestos semifijos, la colocaci\u00f3n de tres m\u00f3dulos de auxilio, capacitaci\u00f3n a&nbsp;comerciantes y operadores de los juegos mec\u00e1nicos en temas de prevenci\u00f3n de accidentes, primeros auxilios y manejo de extintores; adem\u00e1s de la realizaci\u00f3n de operativo interinstitucional diario con apoyo de PC de&nbsp;Villa de Tezontepec, Tolcayuca, Zapotl\u00e1n de Ju\u00e1rez, as\u00ed comocorporaciones como Cruz Roja Delegaci\u00f3n Tizayuca y Telem\u00e9dica Plus.<\/p>\n\n\n\n<p>Por su parte, la&nbsp;Secretar\u00eda de infraestructura, control urbano, ecolog\u00eda y servicios p\u00fablicos&nbsp;tuvo participaci\u00f3n con diferentes \u00e1reas como las cuadrillas de&nbsp;parques y jardines, la recolecci\u00f3n de residuos s\u00f3lidos urbanos, las \u00e1reas de bacheo, adem\u00e1s de&nbsp;equipamiento urbano y maquinaria, sum\u00e1ndose alumbrado p\u00fablico.<\/p>\n\n\n\n<p>Otra \u00e1rea municipal que particip\u00f3 activamente fue la Comisi\u00f3n de Agua y Alcantarillado del Municipio de Tizayuca Hidalgo (CAAMTH) con apoyos log\u00edsticos para&nbsp;mantener el recinto ferial en optimas condiciones en temas como la limpieza de fosas s\u00e9pticas y suministro de agua potable, para asegurar un ambiente seguro y limpio.<\/p>\n\n\n\n<p>La Consejer\u00eda Jur\u00eddica apoy\u00f3 y particip\u00f3 en la instalaci\u00f3n del comit\u00e9 de la feria, adem\u00e1s de la asesor\u00eda en los t\u00e9rminos de contrataci\u00f3n de la empresa responsable de la feria&nbsp;y se encarg\u00f3 de dar seguimiento&nbsp;al cumplimiento de los acuerdos y t\u00e9rminos del contrato de prestaci\u00f3n servicios por parte del empresario, en conjunto con el \u00e1rea de Finanzas.<\/p>\n\n\n\n<p>La SEDECO&nbsp;vigil\u00f3 la regulaci\u00f3n de precios, horarios y atenci\u00f3n a consumidores por parte de comercio participante, adem\u00e1s de la promoci\u00f3n para incentivar la asistencia a la feria en diferentes foros regionales y estatales.<\/p>\n\n\n\n<p>El \u00e1rea de Cultura, tuvo su participaci\u00f3n en la coordinaci\u00f3n de los talentos locales que se presentaron en el foro del Teatro del Pueblo.<\/p>\n\n\n\n<p>\u00c1reas municipales como la&nbsp;Instancia Municipal de la Mujer, DIF Municipal, Turismo, entre otras colocaron stands informativos, donde se tuvo contacto con la ciudadan\u00eda y se proporcion\u00f3 datos y folleter\u00eda de los servicios y programas que ofrece la administraci\u00f3n municipal.<\/p>\n\n\n\n<p>Finalmente, los organizadores agradecieron la confianza y la entusiasta asistencia que se tuvo en esta edici\u00f3n&nbsp;y abren la invitaci\u00f3n para la feria del 2026.<\/p>\n","protected":false},"excerpt":{"rendered":"<p>Durante los 10 d\u00edas de feria&nbsp;los asistentes gozaron de un ambiente festivo y seguro gracias a la colaboraci\u00f3n interinstitucional Alrededor de 100 mil visitantes disfrutaron en un ambiente familiar y&hellip; <\/p>\n","protected":false},"author":17,"featured_media":19373,"comment_status":"closed","ping_status":"closed","sticky":false,"template":"","format":"standard","meta":{"two_page_speed":[],"_joinchat":[],"footnotes":""},"categories":[86],"tags":[],"class_list":["post-19372","post","type-post","status-publish","format-standard","has-post-thumbnail","hentry","category-comunicados"],"_links":{"self":[{"href":"https:\/\/revistaacropolis.com\/index.php\/wp-json\/wp\/v2\/posts\/19372","targetHints":{"allow":["GET"]}}],"collection":[{"href":"https:\/\/revistaacropolis.com\/index.php\/wp-json\/wp\/v2\/posts"}],"about":[{"href":"https:\/\/revistaacropolis.com\/index.php\/wp-json\/wp\/v2\/types\/post"}],"author":[{"embeddable":true,"href":"https:\/\/revistaacropolis.com\/index.php\/wp-json\/wp\/v2\/users\/17"}],"replies":[{"embeddable":true,"href":"https:\/\/revistaacropolis.com\/index.php\/wp-json\/wp\/v2\/comments?post=19372"}],"version-history":[{"count":1,"href":"https:\/\/revistaacropolis.com\/index.php\/wp-json\/wp\/v2\/posts\/19372\/revisions"}],"predecessor-version":[{"id":19374,"href":"https:\/\/revistaacropolis.com\/index.php\/wp-json\/wp\/v2\/posts\/19372\/revisions\/19374"}],"wp:featuredmedia":[{"embeddable":true,"href":"https:\/\/revistaacropolis.com\/index.php\/wp-json\/wp\/v2\/media\/19373"}],"wp:attachment":[{"href":"https:\/\/revistaacropolis.com\/index.php\/wp-json\/wp\/v2\/media?parent=19372"}],"wp:term":[{"taxonomy":"category","embeddable":true,"href":"https:\/\/revistaacropolis.com\/index.php\/wp-json\/wp\/v2\/categories?post=19372"},{"taxonomy":"post_tag","embeddable":true,"href":"https:\/\/revistaacropolis.com\/index.php\/wp-json\/wp\/v2\/tags?post=19372"}],"curies":[{"name":"wp","href":"https:\/\/api.w.org\/{rel}","templated":true}]}}