{"id":19527,"date":"2025-03-07T10:42:33","date_gmt":"2025-03-07T16:42:33","guid":{"rendered":"https:\/\/revistaacropolis.com\/?p=19527"},"modified":"2025-03-07T10:42:37","modified_gmt":"2025-03-07T16:42:37","slug":"inah-y-ayuntamiento-de-ixmiquilpan-inspeccionan-puente-afectado-por-derrumbe","status":"publish","type":"post","link":"https:\/\/revistaacropolis.com\/index.php\/inah-y-ayuntamiento-de-ixmiquilpan-inspeccionan-puente-afectado-por-derrumbe\/sociedad\/comunicados\/","title":{"rendered":"INAH y Ayuntamiento de Ixmiquilpan inspeccionan puente afectado por derrumbe"},"content":{"rendered":"\n<p>Por instrucciones del presidente municipal de Ixmiquilpan, Emanuel Hern\u00e1ndez, personal de la Secretar\u00eda de Obras P\u00fablicas y del Instituto Nacional de<\/p>\n\n\n\n<p>Antropolog\u00eda e Historia (INAH) realizaron este jueves un recorrido en el Puente Colorado, el cual sufri\u00f3 derrumbes que afectaron la estructura de este monumento hist\u00f3rico.<\/p>\n\n\n\n<p>En el recorrido participaron representantes de la Secretar\u00eda de Obras y Desarrollo Urbano, as\u00ed como los comit\u00e9s de las diferentes<\/p>\n\n\n\n<p>delegaciones de la comunidad, quienes dieron seguimiento a la revisi\u00f3n t\u00e9cnica.<\/p>\n\n\n\n<p>Tras la valoraci\u00f3n del INAH, se determin\u00f3 que el puente presenta riesgo estructural, por lo que se ha establecido una restricci\u00f3n total de cruce peatonal, en bicicleta o en motocicleta.<\/p>\n\n\n\n<p>Asimismo, se informa a la comunidad que quien sea sorprendido cruzando el puente recibir\u00e1 una multa de 5 mil pesos, mientras que quienes provoquen da\u00f1os o su colapso deber\u00e1n asumir el costo total de la reparaci\u00f3n, estimado en 3 millones de pesos.<\/p>\n\n\n\n<p>Estas medidas buscan garantizar la seguridad de la poblaci\u00f3n y la<\/p>\n\n\n\n<p>conservaci\u00f3n del patrimonio. Se exhorta a la comunidad a respetar<\/p>\n\n\n\n<p>estas disposiciones y a mantenerse informada a trav\u00e9s de los canales oficiales del Gobierno Municipal de Ixmiquilpan.<\/p>\n","protected":false},"excerpt":{"rendered":"<p>Por instrucciones del presidente municipal de Ixmiquilpan, Emanuel Hern\u00e1ndez, personal de la Secretar\u00eda de Obras P\u00fablicas y del Instituto Nacional de Antropolog\u00eda e Historia (INAH) realizaron este jueves un recorrido&hellip; <\/p>\n","protected":false},"author":17,"featured_media":19528,"comment_status":"closed","ping_status":"closed","sticky":false,"template":"","format":"standard","meta":{"two_page_speed":[],"_joinchat":[],"footnotes":""},"categories":[86],"tags":[],"class_list":["post-19527","post","type-post","status-publish","format-standard","has-post-thumbnail","hentry","category-comunicados"],"_links":{"self":[{"href":"https:\/\/revistaacropolis.com\/index.php\/wp-json\/wp\/v2\/posts\/19527","targetHints":{"allow":["GET"]}}],"collection":[{"href":"https:\/\/revistaacropolis.com\/index.php\/wp-json\/wp\/v2\/posts"}],"about":[{"href":"https:\/\/revistaacropolis.com\/index.php\/wp-json\/wp\/v2\/types\/post"}],"author":[{"embeddable":true,"href":"https:\/\/revistaacropolis.com\/index.php\/wp-json\/wp\/v2\/users\/17"}],"replies":[{"embeddable":true,"href":"https:\/\/revistaacropolis.com\/index.php\/wp-json\/wp\/v2\/comments?post=19527"}],"version-history":[{"count":1,"href":"https:\/\/revistaacropolis.com\/index.php\/wp-json\/wp\/v2\/posts\/19527\/revisions"}],"predecessor-version":[{"id":19529,"href":"https:\/\/revistaacropolis.com\/index.php\/wp-json\/wp\/v2\/posts\/19527\/revisions\/19529"}],"wp:featuredmedia":[{"embeddable":true,"href":"https:\/\/revistaacropolis.com\/index.php\/wp-json\/wp\/v2\/media\/19528"}],"wp:attachment":[{"href":"https:\/\/revistaacropolis.com\/index.php\/wp-json\/wp\/v2\/media?parent=19527"}],"wp:term":[{"taxonomy":"category","embeddable":true,"href":"https:\/\/revistaacropolis.com\/index.php\/wp-json\/wp\/v2\/categories?post=19527"},{"taxonomy":"post_tag","embeddable":true,"href":"https:\/\/revistaacropolis.com\/index.php\/wp-json\/wp\/v2\/tags?post=19527"}],"curies":[{"name":"wp","href":"https:\/\/api.w.org\/{rel}","templated":true}]}}