{"id":19552,"date":"2025-03-10T11:00:39","date_gmt":"2025-03-10T17:00:39","guid":{"rendered":"https:\/\/revistaacropolis.com\/?p=19552"},"modified":"2025-03-10T11:00:44","modified_gmt":"2025-03-10T17:00:44","slug":"antorcha-marchara-por-soluciones-y-respeto-al-pueblo","status":"publish","type":"post","link":"https:\/\/revistaacropolis.com\/index.php\/antorcha-marchara-por-soluciones-y-respeto-al-pueblo\/columnas\/","title":{"rendered":"Antorcha marchar\u00e1 por soluciones y respeto al pueblo"},"content":{"rendered":"\n<p>Por: Guadalupe Orona Ur\u00edas<\/p>\n\n\n\n<p>Es simplemente sorprendente la incapacidad de los actuales funcionarios del gobierno estatal y de algunos presidente municipales para leer y conocer la realidad; inaudita su insensibilidad y francamente incre\u00edble su impericia para gobernar; todo esto reunido, m\u00e1s los abusos de poder, los atisbos de corrupci\u00f3n y el uso de la fuerza p\u00fablica para reprimir las protestas sociales y la no atenci\u00f3n de las demandas del pueblo, se est\u00e1 manifestando cada d\u00eda en una mayor irritaci\u00f3n e inconformidad social en toda la geograf\u00eda estatal.<\/p>\n\n\n\n<p>Los se\u00f1ores que hoy nos gobiernan, quiz\u00e1 se consideran rodeados de la \u201caureola\u201d de la 4T, y que con ella y sus falsas sonrisas y discursos demag\u00f3gicos van a convencer a la poblaci\u00f3n de que \u201cson los mejores\u201d, y de su cantinela de que \u201cprimero los pobres\u201d; es decir, creen tener gran ascendencia porque, seg\u00fan ellos, vienen de un gobierno de \u201cizquierda\u201d y est\u00e1n cubiertos con \u201cel manto protector\u201d de L\u00f3pez Obrador y as\u00ed, con esas cartas de presentaci\u00f3n, consideran que todos los ciudadanos les aplaudir\u00e1n y recibir\u00e1n sin chistar sus peroratas; sin embargo, los \u00faltimos acontecimientos y los que vienen, demuestran exactamente lo contrario: que el pueblo los empieza a repudiar y a cansarse de tanta frivolidad y de la falta de atenci\u00f3n a sus necesidades.\u00a0 \u00a0\u00a0\u00a0<\/p>\n\n\n\n<p>Es muy probable que est\u00e9n convencidos de que \u201cproyectando\u201d una buena imagen en redes sociales, tener \u201cbuena\u201d prensa (habitualmente a costa del erario, de nuestros impuestos) realizar recorridos con las in\u00fatiles \u201crutas de la transformaci\u00f3n\u201d y \u201cescuchar\u201d las quejas e inconformidades ciudadanas y decirles que volver\u00e1n con una respuesta (que generalmente no resuelve la petici\u00f3n), as\u00ed tendr\u00e1n tranquila y conforme a la poblaci\u00f3n, aunque no inviertan un solo peso en la atenci\u00f3n de sus demandas; es decir, consideran alta la probabilidad de mantener un enga\u00f1o permanente sin que el pueblo se percate de ello: mantener una manipulaci\u00f3n ignominiosa y por lo tanto, \u201cpaz y gobernabilidad\u201d. Consideran que la gobernabilidad de un pa\u00eds o estado consiste en todos esos artificios para no resolver las demandas al pueblo, pero s\u00ed responder a los intereses de quienes los propusieron como candidatos y que, con campa\u00f1as y publicidad los hicieron ganar, enga\u00f1ando y comprando votos; creen estos se\u00f1ores funcionarios que apareciendo en fotos muy contentos y sonrientes, promoviendo eventos para presentar programas o nuevas leyes o reglamentos, partir roscas u organizar tamalizas, ya tienen contentos a sus gobernados. Se quieren pasar de listos con la poblaci\u00f3n, olvidando aquella c\u00e9lebre expresi\u00f3n frecuentemente atribuida a Abraham Lincoln: \u201cPuedes enga\u00f1ar a todo el mundo alg\u00fan tiempo. Puedes enga\u00f1ar a algunos todo el tiempo. Pero no puedes enga\u00f1ar a todo el mundo todo el tiempo\u201d.<\/p>\n\n\n\n<p>Y de que los hidalguenses, como muchos mexicanos, no estamos conformes ni felices, lo demuestran sucesos acontecidos a funcionarios p\u00fablicos, empezando por la fallida visita del gobernador en meses pasados al municipio de Yahualica, de donde tuvo que salir pr\u00e1cticamente en fuga, ante un pueblo enojado, irritado ante tanta burla gubernamental; asimismo los cientos de bloqueos y protestas en las diferentes v\u00edas de comunicaci\u00f3n en el estado, y sobre todo en Pachuca, la capital; la \u00faltima, el martes 4 de los corrientes, protagonizada por campesinos de Ixmiquilpan, quienes, ante la represi\u00f3n policiaca que les impidi\u00f3 el libre tr\u00e1nsito en sus veh\u00edculos, llegaron caminando a palacio de gobierno llevando a empellones al subsecretario de gobierno Jos\u00e9 Arturo Sosa Echeverr\u00eda, quien pretendi\u00f3 convencerlos de abortar su manifestaci\u00f3n e iniciar \u201cmesas de di\u00e1logos\u201d (que seguramente ya se hab\u00edan agotado), pero sin ninguna propuesta de soluci\u00f3n en concreto. \u00a0\u00a0<\/p>\n\n\n\n<p>Y, en los pr\u00f3ximos d\u00edas, tendr\u00e1n lugar tres manifestaciones ya anunciadas: la primera un bloqueo en la carretera federal M\u00e9xico-Tampico, a la altura de la cabecera municipal de Tlanchinol, exigiendo la inmediata reparaci\u00f3n de dicha v\u00eda, que est\u00e1 totalmente destrozada y ha sido causa de m\u00faltiples accidentes y de prolongar casi al doble el tiempo de recorrido entre Zacualtip\u00e1n-Tlanchinol-Molango- Huejutla.\u00a0<\/p>\n\n\n\n<p>La segunda, la manifestaci\u00f3n de miles de hidalguenses organizados en el Movimiento Antorchista a realizarse el mi\u00e9rcoles 12 del presente en la ciudad de Pachuca, solicitando, por en\u00e9sima ocasi\u00f3n, audiencia y soluci\u00f3n al gobernador Julio Menchaca, y la tercera, el mismo d\u00eda, pero en la ciudad de Huejutla, en la que participar\u00e1n cientos de campesinos antorchistas de la regi\u00f3n con el mismo reclamo hacia el gobernador del estado. Todas estas protestas no son hechos aislados, van en aumento y son efecto de la incapacidad e insensibilidad del gobierno del estado para atender a su pueblo; son una muestra clara de la indignaci\u00f3n ante los derroches del gobierno y de las nulas soluciones a las demandas de los hidalguenses. Si queremos que los gobernantes respeten al pueblo y cumplan con su obligaci\u00f3n, debemos unirnos y poner en acci\u00f3n esa fuerza social que puede mover monta\u00f1as. <\/p>\n\n\n\n<p>\u00a1Todos a la marcha el 12 de marzo!<\/p>\n","protected":false},"excerpt":{"rendered":"<p>Por: Guadalupe Orona Ur\u00edas Es simplemente sorprendente la incapacidad de los actuales funcionarios del gobierno estatal y de algunos presidente municipales para leer y conocer la realidad; inaudita su insensibilidad&hellip; <\/p>\n","protected":false},"author":17,"featured_media":19553,"comment_status":"closed","ping_status":"closed","sticky":false,"template":"","format":"standard","meta":{"two_page_speed":[],"_joinchat":[],"footnotes":""},"categories":[7],"tags":[],"class_list":["post-19552","post","type-post","status-publish","format-standard","has-post-thumbnail","hentry","category-columnas"],"_links":{"self":[{"href":"https:\/\/revistaacropolis.com\/index.php\/wp-json\/wp\/v2\/posts\/19552","targetHints":{"allow":["GET"]}}],"collection":[{"href":"https:\/\/revistaacropolis.com\/index.php\/wp-json\/wp\/v2\/posts"}],"about":[{"href":"https:\/\/revistaacropolis.com\/index.php\/wp-json\/wp\/v2\/types\/post"}],"author":[{"embeddable":true,"href":"https:\/\/revistaacropolis.com\/index.php\/wp-json\/wp\/v2\/users\/17"}],"replies":[{"embeddable":true,"href":"https:\/\/revistaacropolis.com\/index.php\/wp-json\/wp\/v2\/comments?post=19552"}],"version-history":[{"count":1,"href":"https:\/\/revistaacropolis.com\/index.php\/wp-json\/wp\/v2\/posts\/19552\/revisions"}],"predecessor-version":[{"id":19554,"href":"https:\/\/revistaacropolis.com\/index.php\/wp-json\/wp\/v2\/posts\/19552\/revisions\/19554"}],"wp:featuredmedia":[{"embeddable":true,"href":"https:\/\/revistaacropolis.com\/index.php\/wp-json\/wp\/v2\/media\/19553"}],"wp:attachment":[{"href":"https:\/\/revistaacropolis.com\/index.php\/wp-json\/wp\/v2\/media?parent=19552"}],"wp:term":[{"taxonomy":"category","embeddable":true,"href":"https:\/\/revistaacropolis.com\/index.php\/wp-json\/wp\/v2\/categories?post=19552"},{"taxonomy":"post_tag","embeddable":true,"href":"https:\/\/revistaacropolis.com\/index.php\/wp-json\/wp\/v2\/tags?post=19552"}],"curies":[{"name":"wp","href":"https:\/\/api.w.org\/{rel}","templated":true}]}}