{"id":19567,"date":"2025-03-10T15:37:48","date_gmt":"2025-03-10T21:37:48","guid":{"rendered":"https:\/\/revistaacropolis.com\/?p=19567"},"modified":"2025-03-10T15:38:14","modified_gmt":"2025-03-10T21:38:14","slug":"con-exito-se-conmemora-el-dia-internacional-de-la-mujer-en-tepeji-del-rio","status":"publish","type":"post","link":"https:\/\/revistaacropolis.com\/index.php\/con-exito-se-conmemora-el-dia-internacional-de-la-mujer-en-tepeji-del-rio\/sociedad\/comunicados\/","title":{"rendered":"Con \u00e9xito se conmemora el D\u00eda Internacional de la Mujer en Tepeji del R\u00edo"},"content":{"rendered":"\n<p>El Gobierno Municipal de Tepeji del R\u00edo de Ocampo, a trav\u00e9s del Instituto municipal de la mujer y diversas dependencias, llev\u00f3 a cabo una jornada de actividades con motivo del D\u00eda Internacional de la Mujer, en la que m\u00e1s de 250 mujeres fueron beneficiadas con servicios m\u00e9dicos y actividades culturales y de reflexi\u00f3n.<\/p>\n\n\n\n<p>Servicios m\u00e9dicos en beneficio de las mujeres<\/p>\n\n\n\n<p>Desde temprana hora, en el Jard\u00edn Municipal, se brindaron diversos servicios de salud, entre ellos:<\/p>\n\n\n\n<p>\u2705 Examen de la vista a bajo costo<\/p>\n\n\n\n<p>\u2705 Atenci\u00f3n m\u00e9dica del SMDIF<\/p>\n\n\n\n<p>\u2705 Nutrici\u00f3n y asesor\u00eda legal<\/p>\n\n\n\n<p>\u2705 Implantes anticonceptivos<\/p>\n\n\n\n<p>\u2705 Atenci\u00f3n psicol\u00f3gica y dental<\/p>\n\n\n\n<p>\u2705 Prueba de Papanicolaou<\/p>\n\n\n\n<p>\u2705 Detecci\u00f3n de enfermedades cr\u00f3nico-degenerativas<\/p>\n\n\n\n<p>\u2705 Vacuna TDPA para embarazadas (a partir de la semana 20)<\/p>\n\n\n\n<p>\u2705 Prueba de embarazo<\/p>\n\n\n\n<p>Reflexi\u00f3n y arte para el cambio social<\/p>\n\n\n\n<p>Las actividades iniciaron con una Macro Clase de Zumba en el Jard\u00edn Municipal, promoviendo el bienestar f\u00edsico y el empoderamiento a trav\u00e9s del ejercicio.<\/p>\n\n\n\n<p>Posteriormente, se llev\u00f3 a cabo la mesa de di\u00e1logo \u201cMujeres haciendo historia: 8M y la transversalizaci\u00f3n de la perspectiva de g\u00e9nero en el \u00e1mbito p\u00fablico\u201d, en la que se mujeres del municipio e invitadas especiales dedicadas al servicio p\u00fablico, discutieron la importancia de integrar la equidad de g\u00e9nero en todas las pol\u00edticas y acciones gubernamentales.<\/p>\n\n\n\n<p>Las ni\u00f1as, adolescentes y mujeres tambi\u00e9n fueron protagonistas del taller \u201d\u00a1Pintemos un mejor futuro!\u201d, impartido por la Lic. Sharon Torres, en el que se foment\u00f3 la creatividad y la reflexi\u00f3n sobre los derechos de las mujeres.<\/p>\n\n\n\n<p>En el Centro Cultural, se realizaron actividades culturales como la presentaci\u00f3n literaria y la inauguraci\u00f3n de la exposici\u00f3n fotogr\u00e1fica \u201cNosotras contra el mundo\u201d, que visibiliza las luchas y desaf\u00edos de las mujeres en distintos \u00e1mbitos.<\/p>\n\n\n\n<p>Un llamado a la sororidad y la justicia<\/p>\n\n\n\n<p>La jornada incluy\u00f3 una conferencia magistral a cargo de la Mtra. Viridiana Reyes Pintor, as\u00ed como un emotivo memorial organizado por el Sistema DIF Municipal, en honor a las mujeres que han enfrentado la violencia de g\u00e9nero.<\/p>\n\n\n\n<p>Para cerrar con broche de oro, el grupo de teatro Calaquitas present\u00f3 la obra \u201cLos Perros\u201d de Elena Garro, una pieza que invita a la reflexi\u00f3n sobre la realidad que viven muchas mujeres en nuestra sociedad.<\/p>\n\n\n\n<p>En su mensaje, la mandataria municipal Tania Valdez Cuellar, subray\u00f3 la importancia de la sororidad, recordando que la violencia de g\u00e9nero es una problem\u00e1tica que nos concierne a todas y todos, y que en muchas ocasiones, incluso las mujeres pueden ser parte del sistema que la perpet\u00faa.<\/p>\n\n\n\n<p>\u201cDebemos ser solidarias entre nosotras, dejar de normalizar la violencia y trabajar juntas para erradicarla. Desde el Gobierno Municipal seguimos firmes en este compromiso\u201d, enfatiz\u00f3 la alcaldesa.<\/p>\n\n\n\n<p>Con estas acciones, Tepeji del R\u00edo reafirma su compromiso con la igualdad, el respeto y la justicia para todas las mujeres, construyendo un municipio m\u00e1s equitativo y libre de violencia.<\/p>\n","protected":false},"excerpt":{"rendered":"<p>El Gobierno Municipal de Tepeji del R\u00edo de Ocampo, a trav\u00e9s del Instituto municipal de la mujer y diversas dependencias, llev\u00f3 a cabo una jornada de actividades con motivo del&hellip; <\/p>\n","protected":false},"author":17,"featured_media":19568,"comment_status":"closed","ping_status":"closed","sticky":false,"template":"","format":"standard","meta":{"two_page_speed":[],"_joinchat":[],"footnotes":""},"categories":[86],"tags":[],"class_list":["post-19567","post","type-post","status-publish","format-standard","has-post-thumbnail","hentry","category-comunicados"],"_links":{"self":[{"href":"https:\/\/revistaacropolis.com\/index.php\/wp-json\/wp\/v2\/posts\/19567","targetHints":{"allow":["GET"]}}],"collection":[{"href":"https:\/\/revistaacropolis.com\/index.php\/wp-json\/wp\/v2\/posts"}],"about":[{"href":"https:\/\/revistaacropolis.com\/index.php\/wp-json\/wp\/v2\/types\/post"}],"author":[{"embeddable":true,"href":"https:\/\/revistaacropolis.com\/index.php\/wp-json\/wp\/v2\/users\/17"}],"replies":[{"embeddable":true,"href":"https:\/\/revistaacropolis.com\/index.php\/wp-json\/wp\/v2\/comments?post=19567"}],"version-history":[{"count":1,"href":"https:\/\/revistaacropolis.com\/index.php\/wp-json\/wp\/v2\/posts\/19567\/revisions"}],"predecessor-version":[{"id":19569,"href":"https:\/\/revistaacropolis.com\/index.php\/wp-json\/wp\/v2\/posts\/19567\/revisions\/19569"}],"wp:featuredmedia":[{"embeddable":true,"href":"https:\/\/revistaacropolis.com\/index.php\/wp-json\/wp\/v2\/media\/19568"}],"wp:attachment":[{"href":"https:\/\/revistaacropolis.com\/index.php\/wp-json\/wp\/v2\/media?parent=19567"}],"wp:term":[{"taxonomy":"category","embeddable":true,"href":"https:\/\/revistaacropolis.com\/index.php\/wp-json\/wp\/v2\/categories?post=19567"},{"taxonomy":"post_tag","embeddable":true,"href":"https:\/\/revistaacropolis.com\/index.php\/wp-json\/wp\/v2\/tags?post=19567"}],"curies":[{"name":"wp","href":"https:\/\/api.w.org\/{rel}","templated":true}]}}