{"id":19723,"date":"2025-03-25T10:06:29","date_gmt":"2025-03-25T16:06:29","guid":{"rendered":"https:\/\/revistaacropolis.com\/?p=19723"},"modified":"2025-03-25T10:06:31","modified_gmt":"2025-03-25T16:06:31","slug":"tizayuca-conmemora-el-dia-mundial-del-agua-con-rios-de-sabiduria-feria-hidrica-2025","status":"publish","type":"post","link":"https:\/\/revistaacropolis.com\/index.php\/tizayuca-conmemora-el-dia-mundial-del-agua-con-rios-de-sabiduria-feria-hidrica-2025\/sociedad\/comunicados\/","title":{"rendered":"Tizayuca conmemora el D\u00eda Mundial del Agua con\u00a0\u201cR\u00edos de Sabidur\u00eda:\u00a0Feria H\u00eddrica\u00a02025\u201d"},"content":{"rendered":"\n<p><em>M\u00e1s de 540 ni\u00f1as y ni\u00f1os de educaci\u00f3n b\u00e1sica participaron en esta actividad<\/em><\/p>\n\n\n\n<p>Con motivo del D\u00eda Mundial del Agua, se llev\u00f3 a cabo la feria \u201cR\u00edos de Sabidur\u00eda: Feria H\u00eddrica 2025\u201d en la Escuela Primaria Reynaldo G\u00f3mez Aldana, donde m\u00e1s de 540 ni\u00f1as y ni\u00f1os participaron activamente en diversas actividades dise\u00f1adas para sensibilizar sobre el uso responsable del agua y el cuidado del medio ambiente.<\/p>\n\n\n\n<p>La feria tuvo como objetivo principal ense\u00f1ar y concientizar a los ni\u00f1os sobre la importancia del agua como un recurso vital para la vida y el bienestar de todos. Se llevaron a cabo actividades divertidas, stands interactivos y charlas educativas que promovieron el respeto por el agua, destacando la importancia de ahorrar y usarla de manera responsable. Adem\u00e1s, se brind\u00f3 informaci\u00f3n sobre los desaf\u00edos globales relacionados con el acceso al agua potable, la contaminaci\u00f3n y la gesti\u00f3n sostenible de este recurso.<\/p>\n\n\n\n<p>La presidenta municipal Gretchen Atilano&nbsp;encabez\u00f3 esta actividad,&nbsp;y mencion\u00f3 ante ni\u00f1as y ni\u00f1os de este plantel educativo que \u201cFomentar una cultura del uso responsable del agua es fundamental para garantizar un futuro sostenible para todas y todos\u201d. As\u00ed mismo, reconoci\u00f3 la importante labor que realiza la Comisi\u00f3n de Agua y Alcantarillado del Municipio de Tizayuca (CAAMTH) para&nbsp;educar a las nuevas generaciones sobre la importancia de este recurso vital&nbsp;a trav\u00e9s de sus programas permanentes de Cultura del Agua.<\/p>\n\n\n\n<p>Por su parte, el director general de la CAAMTH, Jorge Luis Mart\u00ednez \u00c1ngeles, reafirm\u00f3 su compromiso con la educaci\u00f3n ambiental,&nbsp;\u201cEs fundamental que ni\u00f1as, ni\u00f1os y j\u00f3venes comprendan desde ahora el valor del agua. En la CAAMTH seguiremos impulsando acciones que fortalezcan una conciencia colectiva para el uso responsable y la protecci\u00f3n de nuestros recursos naturales\u201d.<\/p>\n\n\n\n<p>Durante la jornada se instalaron 9 stands tem\u00e1ticos con la participaci\u00f3n de dependencias como SEMARNAT y la Secretar\u00eda de Infraestructura, Control Urbano, Ecolog\u00eda y Servicios P\u00fablicos Municipales. Algunas de las actividades m\u00e1s destacadas fueron:<\/p>\n\n\n\n<p>&#8211;&nbsp;El nuevo Domo Interactivo: Proyecci\u00f3n audiovisual para concientizar sobre el uso y cuidado del agua.<\/p>\n\n\n\n<p>&#8211;&nbsp;Stand \u201cMaqueta del Ciclo Urbano del Agua\u201d a cargo de la Escuela Primaria Leyes de Reforma, donde estudiantes de 5.\u00ba y 6.\u00ba grado presentaron una maqueta educativa.<\/p>\n\n\n\n<p>&#8211;&nbsp;Loter\u00eda de Infraestructura H\u00eddrica.<\/p>\n\n\n\n<p>&#8211;&nbsp;Filtro Casero y Ecolog\u00eda, donde se mostr\u00f3 c\u00f3mo purificar agua de forma sostenible.<\/p>\n\n\n\n<p>&#8211;&nbsp;Cuidado de las Plantas y su Impacto en el Sistema H\u00eddrico.<\/p>\n\n\n\n<p>&#8211;&nbsp;Pescando la basura (SEMARNAT), para reflexionar sobre la contaminaci\u00f3n del agua y el impacto humano en los ecosistemas acu\u00e1ticos.<\/p>\n","protected":false},"excerpt":{"rendered":"<p>M\u00e1s de 540 ni\u00f1as y ni\u00f1os de educaci\u00f3n b\u00e1sica participaron en esta actividad Con motivo del D\u00eda Mundial del Agua, se llev\u00f3 a cabo la feria \u201cR\u00edos de Sabidur\u00eda: Feria&hellip; <\/p>\n","protected":false},"author":17,"featured_media":19724,"comment_status":"closed","ping_status":"closed","sticky":false,"template":"","format":"standard","meta":{"two_page_speed":[],"_joinchat":[],"footnotes":""},"categories":[86],"tags":[],"class_list":["post-19723","post","type-post","status-publish","format-standard","has-post-thumbnail","hentry","category-comunicados"],"_links":{"self":[{"href":"https:\/\/revistaacropolis.com\/index.php\/wp-json\/wp\/v2\/posts\/19723","targetHints":{"allow":["GET"]}}],"collection":[{"href":"https:\/\/revistaacropolis.com\/index.php\/wp-json\/wp\/v2\/posts"}],"about":[{"href":"https:\/\/revistaacropolis.com\/index.php\/wp-json\/wp\/v2\/types\/post"}],"author":[{"embeddable":true,"href":"https:\/\/revistaacropolis.com\/index.php\/wp-json\/wp\/v2\/users\/17"}],"replies":[{"embeddable":true,"href":"https:\/\/revistaacropolis.com\/index.php\/wp-json\/wp\/v2\/comments?post=19723"}],"version-history":[{"count":1,"href":"https:\/\/revistaacropolis.com\/index.php\/wp-json\/wp\/v2\/posts\/19723\/revisions"}],"predecessor-version":[{"id":19725,"href":"https:\/\/revistaacropolis.com\/index.php\/wp-json\/wp\/v2\/posts\/19723\/revisions\/19725"}],"wp:featuredmedia":[{"embeddable":true,"href":"https:\/\/revistaacropolis.com\/index.php\/wp-json\/wp\/v2\/media\/19724"}],"wp:attachment":[{"href":"https:\/\/revistaacropolis.com\/index.php\/wp-json\/wp\/v2\/media?parent=19723"}],"wp:term":[{"taxonomy":"category","embeddable":true,"href":"https:\/\/revistaacropolis.com\/index.php\/wp-json\/wp\/v2\/categories?post=19723"},{"taxonomy":"post_tag","embeddable":true,"href":"https:\/\/revistaacropolis.com\/index.php\/wp-json\/wp\/v2\/tags?post=19723"}],"curies":[{"name":"wp","href":"https:\/\/api.w.org\/{rel}","templated":true}]}}