{"id":19726,"date":"2025-03-25T10:10:36","date_gmt":"2025-03-25T16:10:36","guid":{"rendered":"https:\/\/revistaacropolis.com\/?p=19726"},"modified":"2025-03-25T10:10:38","modified_gmt":"2025-03-25T16:10:38","slug":"capacitacion-para-proteger-nuestra-comunidad-y-el-medio-ambiente","status":"publish","type":"post","link":"https:\/\/revistaacropolis.com\/index.php\/capacitacion-para-proteger-nuestra-comunidad-y-el-medio-ambiente\/sociedad\/comunicados\/","title":{"rendered":"Capacitaci\u00f3n para proteger nuestra comunidad y el medio ambiente"},"content":{"rendered":"\n<p>En el Gobierno Municipal de Tepeji del R\u00edo, que dirige la presidenta Tania Valdez Cuellar, la preparaci\u00f3n es clave para actuar con responsabilidad y eficiencia. Por ello, se llev\u00f3 a cabo la capacitaci\u00f3n en manejo, contenci\u00f3n y reubicaci\u00f3n de fauna silvestre, as\u00ed como en control de incendios forestales, dirigida al personal de Secretar\u00eda de Seguridad P\u00fablica Municipal de Tepeji del R\u00edo y Servicios P\u00fablicos Municipales Tepeji del R\u00edo.<\/p>\n\n\n\n<p>Esta formaci\u00f3n, impartida por la Secretar\u00eda de Medio Ambiente de Tepeji del R\u00edo y la Unidad Municipal de Protecci\u00f3n Civil y Bomberos Tepeji del R\u00edo, fortalece la capacidad de respuesta ante emergencias ambientales, protegiendo tanto a la ciudadan\u00eda como a la biodiversidad de nuestro municipio.<\/p>\n\n\n\n<p>Cuidar la fauna y prevenir incendios es tarea de todos.&nbsp;<\/p>\n\n\n\n<p>\u00a1Sigamos aprendiendo y actuando con conciencia!<\/p>\n","protected":false},"excerpt":{"rendered":"<p>En el Gobierno Municipal de Tepeji del R\u00edo, que dirige la presidenta Tania Valdez Cuellar, la preparaci\u00f3n es clave para actuar con responsabilidad y eficiencia. Por ello, se llev\u00f3 a&hellip; <\/p>\n","protected":false},"author":17,"featured_media":19727,"comment_status":"closed","ping_status":"closed","sticky":false,"template":"","format":"standard","meta":{"two_page_speed":[],"_joinchat":[],"footnotes":""},"categories":[86],"tags":[],"class_list":["post-19726","post","type-post","status-publish","format-standard","has-post-thumbnail","hentry","category-comunicados"],"_links":{"self":[{"href":"https:\/\/revistaacropolis.com\/index.php\/wp-json\/wp\/v2\/posts\/19726","targetHints":{"allow":["GET"]}}],"collection":[{"href":"https:\/\/revistaacropolis.com\/index.php\/wp-json\/wp\/v2\/posts"}],"about":[{"href":"https:\/\/revistaacropolis.com\/index.php\/wp-json\/wp\/v2\/types\/post"}],"author":[{"embeddable":true,"href":"https:\/\/revistaacropolis.com\/index.php\/wp-json\/wp\/v2\/users\/17"}],"replies":[{"embeddable":true,"href":"https:\/\/revistaacropolis.com\/index.php\/wp-json\/wp\/v2\/comments?post=19726"}],"version-history":[{"count":1,"href":"https:\/\/revistaacropolis.com\/index.php\/wp-json\/wp\/v2\/posts\/19726\/revisions"}],"predecessor-version":[{"id":19728,"href":"https:\/\/revistaacropolis.com\/index.php\/wp-json\/wp\/v2\/posts\/19726\/revisions\/19728"}],"wp:featuredmedia":[{"embeddable":true,"href":"https:\/\/revistaacropolis.com\/index.php\/wp-json\/wp\/v2\/media\/19727"}],"wp:attachment":[{"href":"https:\/\/revistaacropolis.com\/index.php\/wp-json\/wp\/v2\/media?parent=19726"}],"wp:term":[{"taxonomy":"category","embeddable":true,"href":"https:\/\/revistaacropolis.com\/index.php\/wp-json\/wp\/v2\/categories?post=19726"},{"taxonomy":"post_tag","embeddable":true,"href":"https:\/\/revistaacropolis.com\/index.php\/wp-json\/wp\/v2\/tags?post=19726"}],"curies":[{"name":"wp","href":"https:\/\/api.w.org\/{rel}","templated":true}]}}