{"id":19770,"date":"2025-03-28T12:04:40","date_gmt":"2025-03-28T18:04:40","guid":{"rendered":"https:\/\/revistaacropolis.com\/?p=19770"},"modified":"2025-03-28T12:04:42","modified_gmt":"2025-03-28T18:04:42","slug":"tepeji-celebra-con-orgullo-el-natalicio-de-benito-juarez-y-la-llegada-de-la-primavera","status":"publish","type":"post","link":"https:\/\/revistaacropolis.com\/index.php\/tepeji-celebra-con-orgullo-el-natalicio-de-benito-juarez-y-la-llegada-de-la-primavera\/sociedad\/comunicados\/","title":{"rendered":"Tepeji celebra con orgullo el Natalicio de Benito Ju\u00e1rez y la llegada de la primavera\u00a0"},"content":{"rendered":"\n<p>Con gran emoci\u00f3n, llevamos a cabo el tradicional desfile c\u00edvico y cultural, en el que participaron 32 preescolares de nuestro municipio, junto a autoridades educativas, miembros de la Asamblea Municipal y destacados grupos como la Banda de Guerra del COBAEH y el Grupo \u201cEternamente J\u00f3venes de Plata\u201d.<\/p>\n\n\n\n<p>Al finalizar el recorrido, los peque\u00f1os presentaron espect\u00e1culos art\u00edsticos en la explanada del Jard\u00edn Municipal, demostrando su talento y entusiasmo ante la comunidad.<\/p>\n\n\n\n<p>Durante su mensaje, la presidenta municipal Tania Valdez Cu\u00e9llar felicit\u00f3 a docentes, alumnos y padres de familia por su dedicaci\u00f3n y esfuerzo, destacando la importancia de la educaci\u00f3n preescolar en la formaci\u00f3n de futuros l\u00edderes.<\/p>\n\n\n\n<p>Gracias a todos los que hicieron posible este gran evento lleno de alegr\u00eda, cultura y tradici\u00f3n. \u00a1Sigamos impulsando la educaci\u00f3n y el amor por nuestras ra\u00edces!<\/p>\n","protected":false},"excerpt":{"rendered":"<p>Con gran emoci\u00f3n, llevamos a cabo el tradicional desfile c\u00edvico y cultural, en el que participaron 32 preescolares de nuestro municipio, junto a autoridades educativas, miembros de la Asamblea Municipal&hellip; <\/p>\n","protected":false},"author":17,"featured_media":19771,"comment_status":"closed","ping_status":"closed","sticky":false,"template":"","format":"standard","meta":{"two_page_speed":[],"_joinchat":[],"footnotes":""},"categories":[86],"tags":[],"class_list":["post-19770","post","type-post","status-publish","format-standard","has-post-thumbnail","hentry","category-comunicados"],"_links":{"self":[{"href":"https:\/\/revistaacropolis.com\/index.php\/wp-json\/wp\/v2\/posts\/19770","targetHints":{"allow":["GET"]}}],"collection":[{"href":"https:\/\/revistaacropolis.com\/index.php\/wp-json\/wp\/v2\/posts"}],"about":[{"href":"https:\/\/revistaacropolis.com\/index.php\/wp-json\/wp\/v2\/types\/post"}],"author":[{"embeddable":true,"href":"https:\/\/revistaacropolis.com\/index.php\/wp-json\/wp\/v2\/users\/17"}],"replies":[{"embeddable":true,"href":"https:\/\/revistaacropolis.com\/index.php\/wp-json\/wp\/v2\/comments?post=19770"}],"version-history":[{"count":1,"href":"https:\/\/revistaacropolis.com\/index.php\/wp-json\/wp\/v2\/posts\/19770\/revisions"}],"predecessor-version":[{"id":19772,"href":"https:\/\/revistaacropolis.com\/index.php\/wp-json\/wp\/v2\/posts\/19770\/revisions\/19772"}],"wp:featuredmedia":[{"embeddable":true,"href":"https:\/\/revistaacropolis.com\/index.php\/wp-json\/wp\/v2\/media\/19771"}],"wp:attachment":[{"href":"https:\/\/revistaacropolis.com\/index.php\/wp-json\/wp\/v2\/media?parent=19770"}],"wp:term":[{"taxonomy":"category","embeddable":true,"href":"https:\/\/revistaacropolis.com\/index.php\/wp-json\/wp\/v2\/categories?post=19770"},{"taxonomy":"post_tag","embeddable":true,"href":"https:\/\/revistaacropolis.com\/index.php\/wp-json\/wp\/v2\/tags?post=19770"}],"curies":[{"name":"wp","href":"https:\/\/api.w.org\/{rel}","templated":true}]}}