{"id":1981,"date":"2023-03-17T21:01:45","date_gmt":"2023-03-17T21:01:45","guid":{"rendered":"https:\/\/revistaacropolis.com\/?p=1981"},"modified":"2023-03-17T21:01:48","modified_gmt":"2023-03-17T21:01:48","slug":"tras-reves-en-acusacion-vs-telleria-pgjh-revisara-caso-con-fiscal-anticorrupcion","status":"publish","type":"post","link":"https:\/\/revistaacropolis.com\/index.php\/tras-reves-en-acusacion-vs-telleria-pgjh-revisara-caso-con-fiscal-anticorrupcion\/politica\/","title":{"rendered":"Tras rev\u00e9s en acusaci\u00f3n Vs Teller\u00eda, PGJH revisar\u00e1 caso con fiscal Anticorrupci\u00f3n"},"content":{"rendered":"\n<p>Luego de que un juez de control decidi\u00f3 <strong>no vincular a proceso a la exalcaldesa Yolanda Teller\u00eda Beltr\u00e1n<\/strong> por el delito de uso il\u00edcito de atribuciones y facultades <strong>por no presentar pruebas con mayor peso para suponer su responsabilidad<\/strong>, el encargado de la Procuradur\u00eda General de Justicia de Hidalgo (PGJH), <strong>Santiago Nieto Castillo, dijo que revisar\u00e1 el caso con la titular de la Fiscal\u00eda Anticorrupci\u00f3n, Alicia Medina Castelazo.<\/strong><\/p>\n\n\n\n<blockquote class=\"wp-block-quote is-layout-flow wp-block-quote-is-layout-flow\">\n<p>Es un tema que tengo que revisar con la Fiscal Anticorrupci\u00f3n porque fue de su \u00e1rea de competencia\u00bb, expuso tras acudir a la entrega de patrullas y uniformes policiales.<\/p>\n<\/blockquote>\n\n\n\n<p>Ayer, el juez de control Luis Ra\u00fal Gonz\u00e1lez Becerra dict\u00f3 auto de no vinculaci\u00f3n a proceso en la causa penal 21\/2023, en la cual <strong>el Ministerio P\u00fablico imput\u00f3 a la panista el delito por presuntamente haber firmado la jubilaci\u00f3n de Teresa Mart\u00ednez Barrera, su exdirectora de Recursos Humanos (administraci\u00f3n 2016-2020), pese a solo haber laborado 3 a\u00f1os 4 meses y 29 d\u00edas en el ayuntamiento y no 25.\u00a0<\/strong><\/p>\n\n\n\n<p><strong>Aunque la exfuncionaria recibi\u00f3 84 mil 447 pesos por la jubilaci\u00f3n ilegal, el juzgado expuso que se presentar\u00e1n dato de pruebas con bajo valor probatorio<\/strong>, como la copia simple del convenio (que fue la principal para la fiscal\u00eda); adem\u00e1s, cuestion\u00f3 a la representaci\u00f3n social no haber entrevistado Teresa para robustecer su teor\u00eda del caso.<\/p>\n\n\n\n<p>Sin embargo, <strong>dijo que el MP puede continuar con las investigaciones<\/strong> y solicitar en otra audiencia, con m\u00e1s elementos, un nuevamente un auto de vinculaci\u00f3n a proceso.<\/p>\n\n\n\n<p>Respeto la decisi\u00f3n de la jueza de control Janett Montiel Mendoza de tampoco ejercer acci\u00f3n penal contra Arturo Williams Trejo Leal y su esposa por su presunta responsabilidad en el delito de violaci\u00f3n equiparada contra dos menos de 5 y 8 a\u00f1os, insisti\u00f3 en que no comparte la decisi\u00f3n del Poder Judicial del estado.<\/p>\n\n\n\n<p>Adelant\u00f3 que <strong>la pr\u00f3xima semana presentar\u00e1 la apelaci\u00f3n para que se revise la actuaci\u00f3n de la jueza de Pachuca.<\/strong><\/p>\n\n\n\n<p>Montiel Mendoza consider\u00f3 que hab\u00eda \u201celementos de duda\u201d respecto a la posibilidad de que los acusados fueron quienes agredieron a las ni\u00f1as.&nbsp;Asimismo, que habr\u00eda que agotarse otras l\u00edneas investigaci\u00f3n antes de poder llegar una determinaci\u00f3n.<\/p>\n\n\n\n<h3 class=\"wp-block-heading\">SIGUE INVESTIGACI\u00d3N POR HUACHIT\u00daNEL<\/h3>\n\n\n\n<p>Nieto Castillo dijo que la PGJH contin\u00faa con su investigaci\u00f3n tras el hallazgo de un t\u00fanel de 165 metros de largo el cual se conectaban con una clandestina para la extracci\u00f3n diaria de 10 pipas de 42 mil litros de huachicol en Tlaxcoapan.<\/p>\n\n\n\n<figure class=\"wp-block-pullquote\"><blockquote><p>Una parte importante ya ha sido puesta en manos de la Fiscal\u00eda General de la Rep\u00fablica (FGR), que es la instancia competente para poder resolver los casos de robo de hidrocarburo\u00bb, expuso.<\/p><\/blockquote><\/figure>\n\n\n\n<p>Dijo que se indaga si los 12 detenidos el mi\u00e9rcoles pasado en Tlaxcoapan son parte del mismo grupo que los 15 asegurados la semana pasada, los cuales pertenecen al Cartel Jalisco Nueva Generaci\u00f3n (seg\u00fan la Secretar\u00eda de la Defensa Nacional) o si es una c\u00e9lula criminal antag\u00f3nica.<\/p>\n","protected":false},"excerpt":{"rendered":"<p>Luego de que un juez de control decidi\u00f3 no vincular a proceso a la exalcaldesa Yolanda Teller\u00eda Beltr\u00e1n por el delito de uso il\u00edcito de atribuciones y facultades por no&hellip; <\/p>\n","protected":false},"author":4,"featured_media":1982,"comment_status":"closed","ping_status":"closed","sticky":false,"template":"","format":"standard","meta":{"two_page_speed":[],"_joinchat":[],"footnotes":""},"categories":[1],"tags":[175,251],"class_list":["post-1981","post","type-post","status-publish","format-standard","has-post-thumbnail","hentry","category-politica","tag-pgjh","tag-telleria"],"_links":{"self":[{"href":"https:\/\/revistaacropolis.com\/index.php\/wp-json\/wp\/v2\/posts\/1981","targetHints":{"allow":["GET"]}}],"collection":[{"href":"https:\/\/revistaacropolis.com\/index.php\/wp-json\/wp\/v2\/posts"}],"about":[{"href":"https:\/\/revistaacropolis.com\/index.php\/wp-json\/wp\/v2\/types\/post"}],"author":[{"embeddable":true,"href":"https:\/\/revistaacropolis.com\/index.php\/wp-json\/wp\/v2\/users\/4"}],"replies":[{"embeddable":true,"href":"https:\/\/revistaacropolis.com\/index.php\/wp-json\/wp\/v2\/comments?post=1981"}],"version-history":[{"count":1,"href":"https:\/\/revistaacropolis.com\/index.php\/wp-json\/wp\/v2\/posts\/1981\/revisions"}],"predecessor-version":[{"id":1983,"href":"https:\/\/revistaacropolis.com\/index.php\/wp-json\/wp\/v2\/posts\/1981\/revisions\/1983"}],"wp:featuredmedia":[{"embeddable":true,"href":"https:\/\/revistaacropolis.com\/index.php\/wp-json\/wp\/v2\/media\/1982"}],"wp:attachment":[{"href":"https:\/\/revistaacropolis.com\/index.php\/wp-json\/wp\/v2\/media?parent=1981"}],"wp:term":[{"taxonomy":"category","embeddable":true,"href":"https:\/\/revistaacropolis.com\/index.php\/wp-json\/wp\/v2\/categories?post=1981"},{"taxonomy":"post_tag","embeddable":true,"href":"https:\/\/revistaacropolis.com\/index.php\/wp-json\/wp\/v2\/tags?post=1981"}],"curies":[{"name":"wp","href":"https:\/\/api.w.org\/{rel}","templated":true}]}}