{"id":19819,"date":"2025-04-04T11:13:40","date_gmt":"2025-04-04T17:13:40","guid":{"rendered":"https:\/\/revistaacropolis.com\/?p=19819"},"modified":"2025-04-04T11:13:44","modified_gmt":"2025-04-04T17:13:44","slug":"congreso-de-hidalgo-exhibira-el-tenango-mas-grande-del-mundo","status":"publish","type":"post","link":"https:\/\/revistaacropolis.com\/index.php\/congreso-de-hidalgo-exhibira-el-tenango-mas-grande-del-mundo\/sociedad\/comunicados\/","title":{"rendered":"Congreso de Hidalgo exhibir\u00e1 el tenango m\u00e1s grande del mundo"},"content":{"rendered":"\n<p>El&nbsp;<strong>Congreso del Estado Libre y Soberano de Hidalgo<\/strong>&nbsp;recibi\u00f3 el tenango m\u00e1s grande del mundo en el lobby de la Torre Legislativa, el cual estar\u00e1 en exhibici\u00f3n el 8, 9 y 10 de abril, con el objetivo de impulsar su difusi\u00f3n y reforzar su conservaci\u00f3n, el cual fue realizado por maestras, tejedoras y bordadoras de la Sierra Otom\u00ed-Tepehua.<\/p>\n\n\n\n<p>La presidenta de la mesa directiva de abril, diputada&nbsp;<strong>Johana Montcerrat Hern\u00e1ndez P\u00e9rez<\/strong>&nbsp;solicit\u00f3 reconocer el trabajo de las participantes en el bordado del Tenango y asegur\u00f3&nbsp;que,&nbsp;de la mano de la poblaci\u00f3n, la LXVI Legislatura sabr\u00e1 resguardar esta obra que ostenta el r\u00e9cord Guinness desde 2019.<\/p>\n\n\n\n<p>El presidente de la Junta de Gobierno, diputado&nbsp;<strong>Andr\u00e9s Vel\u00e1zquez V\u00e1zquez<\/strong>, asegur\u00f3 que la cultura es un pilar de la transformaci\u00f3n e inform\u00f3 que el Congreso, junto con&nbsp;las secretar\u00edas&nbsp;de Turismo, Cultura y las maestras artesanas, adquirir\u00e1n una protecci\u00f3n especial para conservar este tenango.&nbsp;<em>\u201cEsto permitir\u00e1 cuidarlo para que futuras generaciones puedan disfrutarlo\u201d<\/em>.<\/p>\n\n\n\n<p><strong>Elizabeth Quintanar G\u00f3mez<\/strong>, secretaria de Turismo estatal, celebr\u00f3 el inicio de la ruta del cuidado, la conservaci\u00f3n y la preservaci\u00f3n del tenango en la Casa del Pueblo y solicit\u00f3 a diputadas y diputados su participaci\u00f3n en este proyecto. Adem\u00e1s, pidi\u00f3 a la ciudadan\u00eda visitar la exhibici\u00f3n en el Congreso.<\/p>\n\n\n\n<p><strong>Wendy Anil\u00fa Ju\u00e1rez Melo<\/strong>, presidenta del Comit\u00e9 de Artesanas Promotoras del Tenango y coordinadora general de los trabajos de creaci\u00f3n, conservaci\u00f3n y promoci\u00f3n del mural 2019, en una explicaci\u00f3n del tenango, indic\u00f3 que: \u201ctodos somos indispensables y necesarios para ese gran mural que es la vida. Tenemos que tener presente la uni\u00f3n, que es m\u00e1s que un mural, es una filosof\u00eda de vida, el expresar la alegr\u00eda, el color, el entender que el tejido social es eso, un tejido, pero donde todos somos hilos&nbsp;y&nbsp;esos hilos van a entrelazarse\u201d.<\/p>\n\n\n\n<p><strong>Yurima Cruz Guti\u00e9rrez<\/strong>, experta en conservaci\u00f3n de arte textil, quien se sum\u00f3 a esta iniciativa para preservar la obra, explic\u00f3 que la pieza ser\u00e1 tratada con nanotecnolog\u00eda de fusi\u00f3n, el cual originalmente funciona en muros y en casas, \u201cpero esta vez lo vamos a aplicar al textil, ya que al ser de algod\u00f3n el nivel de captaci\u00f3n&nbsp;de humedad que tiene es sumamente alto y corre el riesgo de tener un ambiente propicio para los hongos y las bacterias\u201d.<\/p>\n\n\n\n<p><strong>Irma Balderas Arrieta<\/strong>, subsecretaria de Desarrollo Cultural, en representaci\u00f3n de Neyda Naranjo Baltazar, secretaria de Cultura de Hidalgo, mencion\u00f3 que el bordado de los tenangos trae&nbsp;detr\u00e1s un c\u00famulo de saberes y sentires, es decir, \u201cun bagaje hist\u00f3rico de un pueblo que ha resistido, ha preservado sus valores m\u00e1s altos, su lengua y sus herencias ancestrales que les permiten vivir de manera arm\u00f3nica en comunidad\u201d.<\/p>\n\n\n\n<p>La exhibici\u00f3n del tenango estar\u00e1 acompa\u00f1ada de una venta de artesan\u00edas con el fin de impulsar el desarrollo econ\u00f3mico de la regi\u00f3n.<\/p>\n\n\n\n<p>En el evento&nbsp;tambi\u00e9n&nbsp;estuvieron presentes las diputadas&nbsp;<strong>Yarabi Gonz\u00e1lez Mart\u00ednez<\/strong>,<strong>&nbsp;Hilda Miranda Miranda<\/strong>,<strong>&nbsp;M\u00f3nica Reyes Mart\u00ednez<\/strong>,<strong>&nbsp;Orqu\u00eddea Larragoiti Osorio<\/strong>&nbsp;y los diputados&nbsp;<strong>Miguel \u00c1ngel Moreno Zamora, Jorge Arg\u00fcelles Salazar&nbsp;<\/strong>y<strong>&nbsp;Jos\u00e9 Alejandro P\u00e9rez Ram\u00edrez.<\/strong><\/p>\n","protected":false},"excerpt":{"rendered":"<p>El&nbsp;Congreso del Estado Libre y Soberano de Hidalgo&nbsp;recibi\u00f3 el tenango m\u00e1s grande del mundo en el lobby de la Torre Legislativa, el cual estar\u00e1 en exhibici\u00f3n el 8, 9 y&hellip; <\/p>\n","protected":false},"author":17,"featured_media":19820,"comment_status":"closed","ping_status":"closed","sticky":false,"template":"","format":"standard","meta":{"two_page_speed":[],"_joinchat":[],"footnotes":""},"categories":[86],"tags":[],"class_list":["post-19819","post","type-post","status-publish","format-standard","has-post-thumbnail","hentry","category-comunicados"],"_links":{"self":[{"href":"https:\/\/revistaacropolis.com\/index.php\/wp-json\/wp\/v2\/posts\/19819","targetHints":{"allow":["GET"]}}],"collection":[{"href":"https:\/\/revistaacropolis.com\/index.php\/wp-json\/wp\/v2\/posts"}],"about":[{"href":"https:\/\/revistaacropolis.com\/index.php\/wp-json\/wp\/v2\/types\/post"}],"author":[{"embeddable":true,"href":"https:\/\/revistaacropolis.com\/index.php\/wp-json\/wp\/v2\/users\/17"}],"replies":[{"embeddable":true,"href":"https:\/\/revistaacropolis.com\/index.php\/wp-json\/wp\/v2\/comments?post=19819"}],"version-history":[{"count":1,"href":"https:\/\/revistaacropolis.com\/index.php\/wp-json\/wp\/v2\/posts\/19819\/revisions"}],"predecessor-version":[{"id":19821,"href":"https:\/\/revistaacropolis.com\/index.php\/wp-json\/wp\/v2\/posts\/19819\/revisions\/19821"}],"wp:featuredmedia":[{"embeddable":true,"href":"https:\/\/revistaacropolis.com\/index.php\/wp-json\/wp\/v2\/media\/19820"}],"wp:attachment":[{"href":"https:\/\/revistaacropolis.com\/index.php\/wp-json\/wp\/v2\/media?parent=19819"}],"wp:term":[{"taxonomy":"category","embeddable":true,"href":"https:\/\/revistaacropolis.com\/index.php\/wp-json\/wp\/v2\/categories?post=19819"},{"taxonomy":"post_tag","embeddable":true,"href":"https:\/\/revistaacropolis.com\/index.php\/wp-json\/wp\/v2\/tags?post=19819"}],"curies":[{"name":"wp","href":"https:\/\/api.w.org\/{rel}","templated":true}]}}