{"id":19833,"date":"2025-04-08T11:02:46","date_gmt":"2025-04-08T17:02:46","guid":{"rendered":"https:\/\/revistaacropolis.com\/?p=19833"},"modified":"2025-04-08T11:02:48","modified_gmt":"2025-04-08T17:02:48","slug":"tepeji-celebra-el-dia-mundial-del-deporte-y-la-preservacion-de-la-paz-con-actividades-para-toda-la-familia","status":"publish","type":"post","link":"https:\/\/revistaacropolis.com\/index.php\/tepeji-celebra-el-dia-mundial-del-deporte-y-la-preservacion-de-la-paz-con-actividades-para-toda-la-familia\/sociedad\/comunicados\/","title":{"rendered":"Tepeji, celebra el D\u00eda Mundial del Deporte y la Preservaci\u00f3n de la Paz con actividades para toda la familia"},"content":{"rendered":"\n<p>En el Gobierno Municipal de Tepeji del R\u00edo, que encabeza la presidenta Tania Valdez Cuellar, reafirmamos nuestro compromiso con la promoci\u00f3n y el impulso del deporte como herramienta fundamental para el bienestar y la construcci\u00f3n de una sociedad en armon\u00eda.<\/p>\n\n\n\n<p>En el marco de la conmemoraci\u00f3n del D\u00eda Mundial del Deporte y la Preservaci\u00f3n de la Paz, se llev\u00f3 a cabo una jornada especial que inici\u00f3 con una rodada ciclista, en la que participantes recorrieron distintos puntos del municipio, fomentando la activaci\u00f3n f\u00edsica y la convivencia.<\/p>\n\n\n\n<p>Posteriormente, en el jard\u00edn municipal, se realizaron exhibiciones deportivas que mostraron la diversidad de disciplinas que se practican en nuestra comunidad, destacando el talento local y motivando a la ciudadan\u00eda a integrarse a estas actividades.<\/p>\n\n\n\n<p>Este evento fue posible gracias a la colaboraci\u00f3n entre distintas organizaciones deportivas locales y la Direcci\u00f3n del Deporte Municipal, a quienes felicitamos por su disposici\u00f3n y compromiso con el desarrollo deportivo de Tepeji.<\/p>\n\n\n\n<p>Agradecemos a todas las personas que se sumaron a esta celebraci\u00f3n y reiteramos que, desde esta administraci\u00f3n, seguiremos impulsando el deporte como un camino hacia la salud, la inclusi\u00f3n y la paz.<\/p>\n","protected":false},"excerpt":{"rendered":"<p>En el Gobierno Municipal de Tepeji del R\u00edo, que encabeza la presidenta Tania Valdez Cuellar, reafirmamos nuestro compromiso con la promoci\u00f3n y el impulso del deporte como herramienta fundamental para&hellip; <\/p>\n","protected":false},"author":17,"featured_media":19834,"comment_status":"closed","ping_status":"closed","sticky":false,"template":"","format":"standard","meta":{"two_page_speed":[],"_joinchat":[],"footnotes":""},"categories":[86],"tags":[],"class_list":["post-19833","post","type-post","status-publish","format-standard","has-post-thumbnail","hentry","category-comunicados"],"_links":{"self":[{"href":"https:\/\/revistaacropolis.com\/index.php\/wp-json\/wp\/v2\/posts\/19833","targetHints":{"allow":["GET"]}}],"collection":[{"href":"https:\/\/revistaacropolis.com\/index.php\/wp-json\/wp\/v2\/posts"}],"about":[{"href":"https:\/\/revistaacropolis.com\/index.php\/wp-json\/wp\/v2\/types\/post"}],"author":[{"embeddable":true,"href":"https:\/\/revistaacropolis.com\/index.php\/wp-json\/wp\/v2\/users\/17"}],"replies":[{"embeddable":true,"href":"https:\/\/revistaacropolis.com\/index.php\/wp-json\/wp\/v2\/comments?post=19833"}],"version-history":[{"count":1,"href":"https:\/\/revistaacropolis.com\/index.php\/wp-json\/wp\/v2\/posts\/19833\/revisions"}],"predecessor-version":[{"id":19835,"href":"https:\/\/revistaacropolis.com\/index.php\/wp-json\/wp\/v2\/posts\/19833\/revisions\/19835"}],"wp:featuredmedia":[{"embeddable":true,"href":"https:\/\/revistaacropolis.com\/index.php\/wp-json\/wp\/v2\/media\/19834"}],"wp:attachment":[{"href":"https:\/\/revistaacropolis.com\/index.php\/wp-json\/wp\/v2\/media?parent=19833"}],"wp:term":[{"taxonomy":"category","embeddable":true,"href":"https:\/\/revistaacropolis.com\/index.php\/wp-json\/wp\/v2\/categories?post=19833"},{"taxonomy":"post_tag","embeddable":true,"href":"https:\/\/revistaacropolis.com\/index.php\/wp-json\/wp\/v2\/tags?post=19833"}],"curies":[{"name":"wp","href":"https:\/\/api.w.org\/{rel}","templated":true}]}}