{"id":19897,"date":"2025-04-14T19:47:56","date_gmt":"2025-04-15T01:47:56","guid":{"rendered":"https:\/\/revistaacropolis.com\/?p=19897"},"modified":"2025-04-14T19:47:58","modified_gmt":"2025-04-15T01:47:58","slug":"con-iniciativa-diputados-fortalecen-el-sector-cooperativo","status":"publish","type":"post","link":"https:\/\/revistaacropolis.com\/index.php\/con-iniciativa-diputados-fortalecen-el-sector-cooperativo\/sociedad\/comunicados\/","title":{"rendered":"Con iniciativa, diputados fortalecen el sector cooperativo"},"content":{"rendered":"\n<p>Las diputadas Alma Rosa El\u00edas Paso, Alhely Medina Hern\u00e1ndez, Diana Rangel Z\u00fa\u00f1iga (Morena) y los diputados Miguel \u00c1ngel Moreno Zamora y Arturo G\u00f3mez Canales (Morena) presentaron la iniciativa que reforma la Ley de Fomento Cooperativo para el Estado de Hidalgo.<\/p>\n\n\n\n<p>El objetivo de esta reforma es establecer en la legislaci\u00f3n local la obligaci\u00f3n de que las presidentas y presidentes municipales \u2014o, en su caso, las y los secretarios generales de los ayuntamientos\u2014 certifiquen la identidad y ratifiquen la voluntad de los socios de las sociedades cooperativas. Esto incluye validar sus firmas aut\u00f3grafas o huellas dactilares en las actas de las asambleas ordinarias donde se renuevan sus autoridades, d\u00e1ndole as\u00ed car\u00e1cter de acto jur\u00eddico objetivo. Esta medida busca fomentar, apoyar e impulsar la organizaci\u00f3n y el desarrollo sustentable del sector cooperativo.<\/p>\n\n\n\n<p>La diputada Alma Rosa El\u00edas Paso explic\u00f3 que esta acci\u00f3n establece un mecanismo legal para fortalecer el sector social y solidario, beneficiando a las cooperativas formalmente registradas.\u201cLa econom\u00eda social, expresada a trav\u00e9s de la actividad cooperativa, es una opci\u00f3n que la sociedad civil organizada adopta como forma de vida, con el prop\u00f3sito de mejorar sus ingresos y contribuir al desarrollo de sus comunidades\u201d, afirm\u00f3.<\/p>\n\n\n\n<p><strong>Brindar servicios p\u00fablicos con enfoque inclusivo.<\/strong><\/p>\n\n\n\n<p>La legisladora Claudia Lilia Luna Islas (PAN) propuso la iniciativa que reforma la Ley Integral para las Personas con Discapacidad del Estado de Hidalgo, con el objetivo de establecer un marco integral y efectivo que garantice no solo la accesibilidad f\u00edsica y administrativa de las personas con discapacidad a los servicios prestados por las dependencias, entidades p\u00fablicas y los municipios, sino tambi\u00e9n para asegurar que estos servicios sean proporcionados de manera eficiente y con un enfoque inclusivo.<\/p>\n\n\n\n<p><strong>Garant\u00edas para ni\u00f1as, ni\u00f1os y adolescentes<\/strong>.<\/p>\n\n\n\n<p>El diputado Marco Antonio Mendoza Bustamante (PRI) detall\u00f3 la iniciativa que modifica la Ley de los Derechos de Ni\u00f1as, Ni\u00f1os y Adolescentes para el Estado de Hidalgo y por la que se adicionan facultades y obligaciones a la Procuradur\u00eda de Protecci\u00f3n de Ni\u00f1as, Ni\u00f1os y Adolescentes y la Familia, con el fin de dotar de garant\u00edas m\u00e1s amplias a este sector de la poblaci\u00f3n, para que, maximizando la protecci\u00f3n de sus derechos humanos, gocen de una vida libre de violencia.<\/p>\n\n\n\n<p><strong>Protecci\u00f3n a los miembros de la comunidad educativa<\/strong>.<\/p>\n\n\n\n<p>La legisladora Hilda Miranda Miranda (Morena) propuso la iniciativa que modifica el C\u00f3digo Penal para el Estado de Hidalgo, con el fin de tipificar y sancionar el delito de violencia escolar, fortaleciendo el marco jur\u00eddico para proteger a los miembros de la comunidad educativa, incluyendo estudiantes, docentes y personal frente a actos de agresi\u00f3n f\u00edsica, verbal, psicol\u00f3gica o simb\u00f3lica.<\/p>\n\n\n\n<p><strong>Asuntos generales Propuesta de acuerdo sobre ubicaci\u00f3n de postes<\/strong>.<\/p>\n\n\n\n<p>La diputada Yarabi Gonz\u00e1lez Mart\u00ednez (Morena) propuso el acuerdo econ\u00f3mico que exhorta a la Comisi\u00f3n Federal de Electricidad a implementar estudios y an\u00e1lisis sobre la ubicaci\u00f3n de postes de transmisi\u00f3n de energ\u00eda el\u00e9ctrica, as\u00ed como de sus ubicaciones, y determinar si deben ser reemplazados, restaurados o en su caso, reubicados en una mejor zona, con el fin de reducir los obst\u00e1culos y prevenir los accidentes que puedan causar en las comunidades de los municipios que comprenden la Sierra Otom\u00ed-Tepehua.<\/p>\n\n\n\n<p><strong>Propuesta de acuerdo derecho de personas LGBTTTIQ+<\/strong><\/p>\n\n\n\n<p>El legislador Carlos Alejandro Alc\u00e1ntara Carbajal y la legisladora Karla Perales Arrieta (Movimiento Ciudadano) propusieron el acuerdo econ\u00f3mico que exhorta a los 84 municipios y a las dependencias del gobierno estatal, en el marco del 17 de mayo, D\u00eda Internacional contra la Homofobia, Lesbofobia, Bifobia y Transfobia, a realizar acciones concretas en favor de la visibilidad, inclusi\u00f3n y respeto de los derechos de las personas LGBTTTIQ+, sugiriendo:<\/p>\n\n\n\n<ul class=\"wp-block-list\">\n<li>Iluminaci\u00f3n de edificios p\u00fablicos con los colores del arco\u00edris.<\/li>\n\n\n\n<li>Colocaci\u00f3n de banderas de la diversidad sexual en espacios institucionales.<\/li>\n\n\n\n<li>Charlas, foros o talleres sobre derechos humanos, diversidad sexual y expresi\u00f3n de g\u00e9nero.<\/li>\n\n\n\n<li>Campa\u00f1as de sensibilizaci\u00f3n en redes sociales y medios locales<\/li>\n\n\n\n<li>.Espacios de di\u00e1logo y visibilizaci\u00f3n con colectivos LGBTTTIQ+ locales.<\/li>\n\n\n\n<li><\/li>\n<\/ul>\n","protected":false},"excerpt":{"rendered":"<p>Las diputadas Alma Rosa El\u00edas Paso, Alhely Medina Hern\u00e1ndez, Diana Rangel Z\u00fa\u00f1iga (Morena) y los diputados Miguel \u00c1ngel Moreno Zamora y Arturo G\u00f3mez Canales (Morena) presentaron la iniciativa que reforma&hellip; <\/p>\n","protected":false},"author":17,"featured_media":19898,"comment_status":"closed","ping_status":"closed","sticky":false,"template":"","format":"standard","meta":{"two_page_speed":[],"_joinchat":[],"footnotes":""},"categories":[86],"tags":[],"class_list":["post-19897","post","type-post","status-publish","format-standard","has-post-thumbnail","hentry","category-comunicados"],"_links":{"self":[{"href":"https:\/\/revistaacropolis.com\/index.php\/wp-json\/wp\/v2\/posts\/19897","targetHints":{"allow":["GET"]}}],"collection":[{"href":"https:\/\/revistaacropolis.com\/index.php\/wp-json\/wp\/v2\/posts"}],"about":[{"href":"https:\/\/revistaacropolis.com\/index.php\/wp-json\/wp\/v2\/types\/post"}],"author":[{"embeddable":true,"href":"https:\/\/revistaacropolis.com\/index.php\/wp-json\/wp\/v2\/users\/17"}],"replies":[{"embeddable":true,"href":"https:\/\/revistaacropolis.com\/index.php\/wp-json\/wp\/v2\/comments?post=19897"}],"version-history":[{"count":1,"href":"https:\/\/revistaacropolis.com\/index.php\/wp-json\/wp\/v2\/posts\/19897\/revisions"}],"predecessor-version":[{"id":19899,"href":"https:\/\/revistaacropolis.com\/index.php\/wp-json\/wp\/v2\/posts\/19897\/revisions\/19899"}],"wp:featuredmedia":[{"embeddable":true,"href":"https:\/\/revistaacropolis.com\/index.php\/wp-json\/wp\/v2\/media\/19898"}],"wp:attachment":[{"href":"https:\/\/revistaacropolis.com\/index.php\/wp-json\/wp\/v2\/media?parent=19897"}],"wp:term":[{"taxonomy":"category","embeddable":true,"href":"https:\/\/revistaacropolis.com\/index.php\/wp-json\/wp\/v2\/categories?post=19897"},{"taxonomy":"post_tag","embeddable":true,"href":"https:\/\/revistaacropolis.com\/index.php\/wp-json\/wp\/v2\/tags?post=19897"}],"curies":[{"name":"wp","href":"https:\/\/api.w.org\/{rel}","templated":true}]}}