{"id":19923,"date":"2025-04-21T13:48:34","date_gmt":"2025-04-21T19:48:34","guid":{"rendered":"https:\/\/revistaacropolis.com\/?p=19923"},"modified":"2025-04-21T13:48:36","modified_gmt":"2025-04-21T19:48:36","slug":"avanza-la-transformacion-en-atotonilco-de-tula-inicia-el-mega-proyecto-de-la-carretera-atotonilco-progreso","status":"publish","type":"post","link":"https:\/\/revistaacropolis.com\/index.php\/avanza-la-transformacion-en-atotonilco-de-tula-inicia-el-mega-proyecto-de-la-carretera-atotonilco-progreso\/sociedad\/comunicados\/","title":{"rendered":"Avanza la transformaci\u00f3n en Atotonilco de Tula: Inicia el Mega proyecto de la carretera Atotonilco \u2013 Progreso"},"content":{"rendered":"\n<p>Con el firme compromiso de seguir construyendo bienestar para las familias de nuestro municipio, el pr\u00f3ximo lunes 21 de abril, el Gobierno Municipal de Atotonilco de Tula dar\u00e1 inicio a uno de los proyectos m\u00e1s ambiciosos de los \u00faltimos a\u00f1os: la primera etapa de la carretera Atotonilco \u2013 Progreso, una obra estrat\u00e9gica que marca un antes y un despu\u00e9s en la movilidad de nuestra regi\u00f3n.<\/p>\n\n\n\n<p>Esta obra forma parte del compromiso de nuestra administraci\u00f3n con la Cuarta Transformaci\u00f3n, impulsando acciones concretas que mejoran la vida de la gente. Con una inversi\u00f3n hist\u00f3rica de 25 millones de pesos de recursos propios, se construir\u00e1n 900 metros lineales de pavimento hidr\u00e1ulico, asegurando una vialidad resistente y de larga duraci\u00f3n, pensada en el presente y futuro de Atotonilco.<\/p>\n\n\n\n<p>Al tratarse de una de las v\u00edas principales de acceso a la cabecera municipal, se informa a la ciudadan\u00eda que a partir del lunes se realizar\u00e1 el cierre total de la vialidad. Para facilitar la movilidad, se habilitar\u00e1n rutas alternas, las cuales se dar\u00e1n a conocer a trav\u00e9s de nuestras plataformas oficiales con apoyo visual.<\/p>\n\n\n\n<p>El evento de arranque de obra ser\u00e1 encabezado por la presidenta municipal, Yocelyn Tovar Mendoza, el lunes 21 de abril a las 11:00 de la ma\u00f1ana, a la altura del Oxxo en esta misma v\u00eda.<\/p>\n\n\n\n<p>Esta obra representa el inicio de una nueva etapa de desarrollo urbano y social. La transformaci\u00f3n de Atotonilco ya est\u00e1 en marcha, y el bienestar de nuestro pueblo es el motor que la impulsa.<\/p>\n\n\n\n<p>Con el pueblo todo.<br>Gobierno Municipal de Atotonilco de Tula<br>Administraci\u00f3n 2024 &#8211; 2027<\/p>\n","protected":false},"excerpt":{"rendered":"<p>Con el firme compromiso de seguir construyendo bienestar para las familias de nuestro municipio, el pr\u00f3ximo lunes 21 de abril, el Gobierno Municipal de Atotonilco de Tula dar\u00e1 inicio a&hellip; <\/p>\n","protected":false},"author":17,"featured_media":19924,"comment_status":"closed","ping_status":"closed","sticky":false,"template":"","format":"standard","meta":{"two_page_speed":[],"_joinchat":[],"footnotes":""},"categories":[86],"tags":[],"class_list":["post-19923","post","type-post","status-publish","format-standard","has-post-thumbnail","hentry","category-comunicados"],"_links":{"self":[{"href":"https:\/\/revistaacropolis.com\/index.php\/wp-json\/wp\/v2\/posts\/19923","targetHints":{"allow":["GET"]}}],"collection":[{"href":"https:\/\/revistaacropolis.com\/index.php\/wp-json\/wp\/v2\/posts"}],"about":[{"href":"https:\/\/revistaacropolis.com\/index.php\/wp-json\/wp\/v2\/types\/post"}],"author":[{"embeddable":true,"href":"https:\/\/revistaacropolis.com\/index.php\/wp-json\/wp\/v2\/users\/17"}],"replies":[{"embeddable":true,"href":"https:\/\/revistaacropolis.com\/index.php\/wp-json\/wp\/v2\/comments?post=19923"}],"version-history":[{"count":1,"href":"https:\/\/revistaacropolis.com\/index.php\/wp-json\/wp\/v2\/posts\/19923\/revisions"}],"predecessor-version":[{"id":19925,"href":"https:\/\/revistaacropolis.com\/index.php\/wp-json\/wp\/v2\/posts\/19923\/revisions\/19925"}],"wp:featuredmedia":[{"embeddable":true,"href":"https:\/\/revistaacropolis.com\/index.php\/wp-json\/wp\/v2\/media\/19924"}],"wp:attachment":[{"href":"https:\/\/revistaacropolis.com\/index.php\/wp-json\/wp\/v2\/media?parent=19923"}],"wp:term":[{"taxonomy":"category","embeddable":true,"href":"https:\/\/revistaacropolis.com\/index.php\/wp-json\/wp\/v2\/categories?post=19923"},{"taxonomy":"post_tag","embeddable":true,"href":"https:\/\/revistaacropolis.com\/index.php\/wp-json\/wp\/v2\/tags?post=19923"}],"curies":[{"name":"wp","href":"https:\/\/api.w.org\/{rel}","templated":true}]}}