{"id":20154,"date":"2025-05-20T10:35:38","date_gmt":"2025-05-20T16:35:38","guid":{"rendered":"https:\/\/revistaacropolis.com\/?p=20154"},"modified":"2025-05-20T10:35:40","modified_gmt":"2025-05-20T16:35:40","slug":"feria-artesanal-del-helado-2025-en-tula-todo-un-exito","status":"publish","type":"post","link":"https:\/\/revistaacropolis.com\/index.php\/feria-artesanal-del-helado-2025-en-tula-todo-un-exito\/sociedad\/comunicados\/","title":{"rendered":"Feria artesanal del helado 2025 en Tula, todo un \u00e9xito."},"content":{"rendered":"\n<p>Con una gran afluencia se llev\u00f3 a cabo la esperada Feria Artesanal del Helado 2025, en Tula de Allende, un evento que reuni\u00f3 a m\u00e1s de 12 mil amantes de los sabores tradicionales y novedosos en un ambiente lleno de alegr\u00eda y tradici\u00f3n.<\/p>\n\n\n\n<p>Este a\u00f1o, la feria que sorprendi\u00f3 a visitantes y productores con la exhibici\u00f3n de m\u00e1s de 500 sabores diferentes, reflejo de la creatividad y diversidad culinaria de nuestra regi\u00f3n. Desde los sabores cl\u00e1sicos hasta las combinaciones m\u00e1s ex\u00f3ticas, la feria fue un fest\u00edn para los sentidos<\/p>\n\n\n\n<p>Dentro de este evento, realizado en coordinaci\u00f3n con la asociaci\u00f3n \u00ab2 My heart\u00bb se llev\u00f3 a cabo el concurso de helado a base de chinicuil, en donde el reconocimiento se lo llev\u00f3 el \u201cEl arca de las nieves\u201d con un helado elaborado a base de chinicuil y mezcal.<\/p>\n\n\n\n<p>Este concurso se realiz\u00f3 con base al reciente distintivo de \u201cPueblos con sabor\u201d otorgado al municipio que gan\u00f3 este reconocimiento gracias a su tradicional taco de chinicuil, reafirmando as\u00ed su identidad cultural y gastron\u00f3mica.<\/p>\n\n\n\n<p>Adem\u00e1s, en esta ocasi\u00f3n se cont\u00f3 con un pabell\u00f3n gastron\u00f3mico en donde participaron Huejutla, Santiago de Anaya y Tizayuca reconocidos tambi\u00e9n como pueblos con sabor, quienes demostraron su riqueza culinaria y su compromiso con la preservaci\u00f3n de nuestras tradiciones gastron\u00f3micas.<\/p>\n\n\n\n<p>Se tuvo con la participaci\u00f3n de 18 productores de helado de la regi\u00f3n, 36 emprendedores locales, tambi\u00e9n se incluyeron actividades l\u00fadicas acompa\u00f1adas de m\u00fasica, adem\u00e1s, se gener\u00f3 una derrama econ\u00f3mica cercana a los 4.5 millones de pesos para el municipio.<\/p>\n\n\n\n<p>Este evento reafirma el compromiso del presidente municipal Cristhian Mart\u00ednez por promover nuestra cultura, fortalecer la econom\u00eda local y resaltar la diversidad de sabores que nos caracterizan.<\/p>\n","protected":false},"excerpt":{"rendered":"<p>Con una gran afluencia se llev\u00f3 a cabo la esperada Feria Artesanal del Helado 2025, en Tula de Allende, un evento que reuni\u00f3 a m\u00e1s de 12 mil amantes de&hellip; <\/p>\n","protected":false},"author":17,"featured_media":20155,"comment_status":"closed","ping_status":"closed","sticky":false,"template":"","format":"standard","meta":{"two_page_speed":[],"_joinchat":[],"footnotes":""},"categories":[86],"tags":[],"class_list":["post-20154","post","type-post","status-publish","format-standard","has-post-thumbnail","hentry","category-comunicados"],"_links":{"self":[{"href":"https:\/\/revistaacropolis.com\/index.php\/wp-json\/wp\/v2\/posts\/20154","targetHints":{"allow":["GET"]}}],"collection":[{"href":"https:\/\/revistaacropolis.com\/index.php\/wp-json\/wp\/v2\/posts"}],"about":[{"href":"https:\/\/revistaacropolis.com\/index.php\/wp-json\/wp\/v2\/types\/post"}],"author":[{"embeddable":true,"href":"https:\/\/revistaacropolis.com\/index.php\/wp-json\/wp\/v2\/users\/17"}],"replies":[{"embeddable":true,"href":"https:\/\/revistaacropolis.com\/index.php\/wp-json\/wp\/v2\/comments?post=20154"}],"version-history":[{"count":1,"href":"https:\/\/revistaacropolis.com\/index.php\/wp-json\/wp\/v2\/posts\/20154\/revisions"}],"predecessor-version":[{"id":20156,"href":"https:\/\/revistaacropolis.com\/index.php\/wp-json\/wp\/v2\/posts\/20154\/revisions\/20156"}],"wp:featuredmedia":[{"embeddable":true,"href":"https:\/\/revistaacropolis.com\/index.php\/wp-json\/wp\/v2\/media\/20155"}],"wp:attachment":[{"href":"https:\/\/revistaacropolis.com\/index.php\/wp-json\/wp\/v2\/media?parent=20154"}],"wp:term":[{"taxonomy":"category","embeddable":true,"href":"https:\/\/revistaacropolis.com\/index.php\/wp-json\/wp\/v2\/categories?post=20154"},{"taxonomy":"post_tag","embeddable":true,"href":"https:\/\/revistaacropolis.com\/index.php\/wp-json\/wp\/v2\/tags?post=20154"}],"curies":[{"name":"wp","href":"https:\/\/api.w.org\/{rel}","templated":true}]}}