{"id":20164,"date":"2025-05-20T16:29:50","date_gmt":"2025-05-20T22:29:50","guid":{"rendered":"https:\/\/revistaacropolis.com\/?p=20164"},"modified":"2025-05-20T16:29:51","modified_gmt":"2025-05-20T22:29:51","slug":"pachuca-impulsa-acciones-preventivas-ante-el-suicidio-como-problema-de-salud-publica","status":"publish","type":"post","link":"https:\/\/revistaacropolis.com\/index.php\/pachuca-impulsa-acciones-preventivas-ante-el-suicidio-como-problema-de-salud-publica\/sociedad\/comunicados\/","title":{"rendered":"Pachuca impulsa acciones preventivas ante el suicidio como problema de salud p\u00fablica"},"content":{"rendered":"\n<p>La regidora Sharon Arroyo encabeza foro de sensibilizaci\u00f3n dirigido a personal municipal<\/p>\n\n\n\n<p>El Ayuntamiento de Pachuca, a trav\u00e9s de la Comisi\u00f3n Especial de Servicios P\u00fablicos Municipales, que preside la regidora&nbsp;Sharon Michelle Arroyo D\u00edaz, llev\u00f3 a cabo el foro&nbsp;\u201cPrevenci\u00f3n del Suicidio. Cada d\u00eda es una nueva oportunidad\u201d,&nbsp;dirigido a&nbsp;los servidores p\u00fablicos.&nbsp;<\/p>\n\n\n\n<p>El objetivo fue&nbsp;concientizar a las y los trabajadoressobre los factores individuales y colectivos que pueden derivar en ideaci\u00f3n suicida, promoviendo la adopci\u00f3n de acciones preventivas desde el \u00e1mbito institucional.<\/p>\n\n\n\n<p>La actividad se realiz\u00f3 en coordinaci\u00f3n con el&nbsp;Servicio Nacional de Salud P\u00fablica, en la sala de Cabildo, donde la regidora se\u00f1al\u00f3 que el suicidio debe atenderse como un&nbsp;problema social y de salud p\u00fablica, considerando tanto los factores de riesgo y protecci\u00f3n como el fortalecimiento de la cohesi\u00f3n familiar y comunitaria.<\/p>\n\n\n\n<p>Durante&nbsp;el foro, la&nbsp;psic\u00f3loga Paola Ruiz Vargas, del&nbsp;Centro Comunitario de Salud Mental y Adicciones (CECOSAMA) Pachuca, ofreci\u00f3 una ponencia sobre&nbsp;primeros auxilios psicol\u00f3gicos para primeros&nbsp;respondientes.<\/p>\n\n\n\n<p>Tambi\u00e9n se abord\u00f3 el tema de la&nbsp;Ley de Salud Mental y Prevenci\u00f3n del Suicidio, a cargo del&nbsp;maestro Alejandro Pacheco G\u00f3mez, coordinador de Asesores de la Secretar\u00eda de Salud.<\/p>\n\n\n\n<p>El panel de cierre estuvo a cargo de los psic\u00f3logos&nbsp;Christian&nbsp;Ahued&nbsp;Hern\u00e1ndez&nbsp;y&nbsp;Juan Alfonso Espino Canales, quienes dialogaron con el personal asistente y coincidieron en la relevancia de estos espacios para el&nbsp;acompa\u00f1amiento emocional, el fortalecimiento comunitario y la prevenci\u00f3n oportuna del suicidio.<\/p>\n\n\n\n<p>Cabe destacar que, en 2024, se public\u00f3 en el Peri\u00f3dico Oficial del Estado la&nbsp;Ley de Salud Mental para el Estado de Hidalgo, un avance significativo que garantiza el acceso a servicios especializados e impulsa un enfoque integral con participaci\u00f3n comunitaria.<\/p>\n\n\n\n<p>Datos del&nbsp;INEGI&nbsp;mencionan que&nbsp;en&nbsp;el&nbsp;2023 se registraron&nbsp;203 defunciones por suicidio en Hidalgo, de las cuales&nbsp;160 correspondieron a hombres y 43 a mujeres.<\/p>\n\n\n\n<p>Por su parte, la&nbsp;Secretar\u00eda de Salud estatal&nbsp;report\u00f3 que, hasta octubre de 2024, se hab\u00edan contabilizado&nbsp;126 suicidios consumados, de los cuales&nbsp;15 ocurrieron en Pachuca.<\/p>\n","protected":false},"excerpt":{"rendered":"<p>La regidora Sharon Arroyo encabeza foro de sensibilizaci\u00f3n dirigido a personal municipal El Ayuntamiento de Pachuca, a trav\u00e9s de la Comisi\u00f3n Especial de Servicios P\u00fablicos Municipales, que preside la regidora&nbsp;Sharon&hellip; <\/p>\n","protected":false},"author":17,"featured_media":20166,"comment_status":"closed","ping_status":"closed","sticky":false,"template":"","format":"standard","meta":{"two_page_speed":[],"_joinchat":[],"footnotes":""},"categories":[86],"tags":[],"class_list":["post-20164","post","type-post","status-publish","format-standard","has-post-thumbnail","hentry","category-comunicados"],"_links":{"self":[{"href":"https:\/\/revistaacropolis.com\/index.php\/wp-json\/wp\/v2\/posts\/20164","targetHints":{"allow":["GET"]}}],"collection":[{"href":"https:\/\/revistaacropolis.com\/index.php\/wp-json\/wp\/v2\/posts"}],"about":[{"href":"https:\/\/revistaacropolis.com\/index.php\/wp-json\/wp\/v2\/types\/post"}],"author":[{"embeddable":true,"href":"https:\/\/revistaacropolis.com\/index.php\/wp-json\/wp\/v2\/users\/17"}],"replies":[{"embeddable":true,"href":"https:\/\/revistaacropolis.com\/index.php\/wp-json\/wp\/v2\/comments?post=20164"}],"version-history":[{"count":1,"href":"https:\/\/revistaacropolis.com\/index.php\/wp-json\/wp\/v2\/posts\/20164\/revisions"}],"predecessor-version":[{"id":20167,"href":"https:\/\/revistaacropolis.com\/index.php\/wp-json\/wp\/v2\/posts\/20164\/revisions\/20167"}],"wp:featuredmedia":[{"embeddable":true,"href":"https:\/\/revistaacropolis.com\/index.php\/wp-json\/wp\/v2\/media\/20166"}],"wp:attachment":[{"href":"https:\/\/revistaacropolis.com\/index.php\/wp-json\/wp\/v2\/media?parent=20164"}],"wp:term":[{"taxonomy":"category","embeddable":true,"href":"https:\/\/revistaacropolis.com\/index.php\/wp-json\/wp\/v2\/categories?post=20164"},{"taxonomy":"post_tag","embeddable":true,"href":"https:\/\/revistaacropolis.com\/index.php\/wp-json\/wp\/v2\/tags?post=20164"}],"curies":[{"name":"wp","href":"https:\/\/api.w.org\/{rel}","templated":true}]}}