{"id":20235,"date":"2025-05-27T13:09:57","date_gmt":"2025-05-27T19:09:57","guid":{"rendered":"https:\/\/revistaacropolis.com\/?p=20235"},"modified":"2025-05-27T13:10:10","modified_gmt":"2025-05-27T19:10:10","slug":"interpone-padre-de-las-ninas-del-caso-zimapan-amparo-por-desaparicion-forzada","status":"publish","type":"post","link":"https:\/\/revistaacropolis.com\/index.php\/interpone-padre-de-las-ninas-del-caso-zimapan-amparo-por-desaparicion-forzada\/sociedad\/comunicados\/","title":{"rendered":"Interpone padre de las ni\u00f1as del caso Zimap\u00e1n, amparo por desaparici\u00f3n forzada."},"content":{"rendered":"\n<p>El hombre exige que le regresen a sus hijas pues lleva 3 a\u00f1os de no verlas, ni saber de ellas, por eso interpuso un amparo por desaparici\u00f3n forzada, incomunicaci\u00f3n y privaci\u00f3n de la libertad.<\/p>\n\n\n\n<p>Pachuca, Hgo., a 26 de mayo de 2025.- Mario Alfredo Espinoza Bernardini, padre de las dos ni\u00f1as del caso Zimap\u00e1n, present\u00f3 un amparo por desaparici\u00f3n forzada en el Juzgado Segundo de Distrito en Materia Penal del Estado de Quer\u00e9taro el pasado 21 de mayo del 2025 para que le dejen ver a sus hijas.<\/p>\n\n\n\n<p>La denuncia qued\u00f3 registrada bajo el expediente 608\/2025 y fue publicada al d\u00eda siguiente, el jueves 22 de mayo.<\/p>\n\n\n\n<p>&nbsp;\u00abEstoy pidiendo con urgencia verlas\u2026 pues desde hace m\u00e1s de tres a\u00f1os inici\u00e9 esta b\u00fasqueda y ninguna autoridad me permite verlas o saber c\u00f3mo est\u00e1n despu\u00e9s de todo lo que se ha dicho de ellas a trav\u00e9s de los medios de comunicaci\u00f3n\u201d, lamenta el padre de las ni\u00f1as revictimizadas.<\/p>\n\n\n\n<p>Hasta el momento ni la madre de las menores, ni las autoridades involucradas en el caso, tanto federales como estatales y municipales, le han permitido siquiera conocer donde se encuentran luego de que el 17 de junio de 2022 se inici\u00f3 por primera vez una carpeta de investigaci\u00f3n en la que se les involucraba como v\u00edctimas de diversos delitos.<\/p>\n\n\n\n<p>A partir de entonces las ni\u00f1as han sido llevadas a refugios entre ellos, a uno de FEVIMTRA que depende de la Fiscal\u00eda General de la Rep\u00fablica (FGR).&nbsp;<\/p>\n\n\n\n<p>En medio de la b\u00fasqueda de sus hijas, Mario Alfredo, inici\u00f3 un camino jur\u00eddico con una denuncia que dio pie a la carpeta de investigaci\u00f3n n\u00famero NUC-20-2022-00203 en contra de Jacqueline Trejo Leal, mam\u00e1 de las menores, y su pareja sentimental Sa\u00fal Camargo por corrupci\u00f3n de menores y violencia familiar.<\/p>\n\n\n\n<p>Es importante mencionar que el 20 de abril del 2023 se present\u00f3 una denuncia por cohecho en contra de la t\u00eda y mam\u00e1 de las ni\u00f1as, las se\u00f1oras Ayl\u00e9n Trejo Leal y Jacqueline Trejo Leal, respectivamente.<\/p>\n\n\n\n<p>Los actos obran en la carpeta de investigaci\u00f3n n\u00famero 20-2023-00124 y la denuncia fue interpuesta por la doctora Araceli Ram\u00edrez, Perito en Medicina adscrita a la Procuradur\u00eda General de Justicia del Estado de Hidalgo, quien expuso que Ayl\u00e9n intent\u00f3 amedrentarla y sobornarla, ofreci\u00e9ndole dinero de parte de la exdiputada Carmen Lozano del Partido Verde, para que su dictamen donde descart\u00f3 en todo momento que hubiera lesiones de tipo sexual, fuera modificado.&nbsp;<\/p>\n\n\n\n<p>Posteriormente, el 31 de octubre del 2023, el padre de las ni\u00f1as tambi\u00e9n present\u00f3 una denuncia penal por mala praxis en contra del m\u00e9dico Jos\u00e9 Alberto Ba\u00f1os V\u00e1zquez, quien realiz\u00f3 el dictamen a modo y por tocamientos indebidos en contra de sus las ni\u00f1as, bajo el n\u00famero 12-2023-17981.<\/p>\n\n\n\n<p>Cabe mencionar que la Procuradur\u00eda de la Defensa del Menor en Hidalgo, realiz\u00f3 una exhaustiva evaluaci\u00f3n a Espinosa Bernardini, de la cual result\u00f3 que es apto tanto psicol\u00f3gica como econ\u00f3micamente para tener la guardia y custodia de sus hijas.&nbsp;<\/p>\n\n\n\n<p>En paralelo, demostr\u00f3 que cuenta con las herramientas y condiciones necesarias para brindar un ambiente familiar estable a las ni\u00f1as.<\/p>\n\n\n\n<p>Como hombre, Mario Alberto exige una rigurosa investigaci\u00f3n sobre lo que han vivido sus hijas junto a su madre y su t\u00eda, junto con sus parejas sentimentales, Romualdo Lora y Sa\u00fal Camargo, respectivamente.<\/p>\n\n\n\n<p>Finalmente, el pap\u00e1 exigi\u00f3 todo el peso de la ley no solo para los responsables de las agresiones en contra de sus hijas sino de aquellas autoridades que han permitido que se les exhiba y se les siga lastimando a pesar de que hay derechos de la infancia que las cobijan pero que nadie toma en cuenta.<\/p>\n\n\n\n<p>\u201cSu obligaci\u00f3n era protegerlas desde un principio y darles un lugar seguro, pero hasta hoy nada se sabe de ellas, solo se por la prensa que, en manos de la propia autoridad, una de ellas se ha autolesionado\u2026 otra m\u00e1s ha sido sometida a m\u00faltiples operaciones cuando ellas estaban integras y eran dos ni\u00f1as completamente sanas y felices pero que hoy viven un infierno\u201d, puntualiz\u00f3.<\/p>\n","protected":false},"excerpt":{"rendered":"<p>El hombre exige que le regresen a sus hijas pues lleva 3 a\u00f1os de no verlas, ni saber de ellas, por eso interpuso un amparo por desaparici\u00f3n forzada, incomunicaci\u00f3n y&hellip; <\/p>\n","protected":false},"author":17,"featured_media":20236,"comment_status":"closed","ping_status":"closed","sticky":false,"template":"","format":"standard","meta":{"two_page_speed":[],"_joinchat":[],"footnotes":""},"categories":[86],"tags":[],"class_list":["post-20235","post","type-post","status-publish","format-standard","has-post-thumbnail","hentry","category-comunicados"],"_links":{"self":[{"href":"https:\/\/revistaacropolis.com\/index.php\/wp-json\/wp\/v2\/posts\/20235","targetHints":{"allow":["GET"]}}],"collection":[{"href":"https:\/\/revistaacropolis.com\/index.php\/wp-json\/wp\/v2\/posts"}],"about":[{"href":"https:\/\/revistaacropolis.com\/index.php\/wp-json\/wp\/v2\/types\/post"}],"author":[{"embeddable":true,"href":"https:\/\/revistaacropolis.com\/index.php\/wp-json\/wp\/v2\/users\/17"}],"replies":[{"embeddable":true,"href":"https:\/\/revistaacropolis.com\/index.php\/wp-json\/wp\/v2\/comments?post=20235"}],"version-history":[{"count":1,"href":"https:\/\/revistaacropolis.com\/index.php\/wp-json\/wp\/v2\/posts\/20235\/revisions"}],"predecessor-version":[{"id":20237,"href":"https:\/\/revistaacropolis.com\/index.php\/wp-json\/wp\/v2\/posts\/20235\/revisions\/20237"}],"wp:featuredmedia":[{"embeddable":true,"href":"https:\/\/revistaacropolis.com\/index.php\/wp-json\/wp\/v2\/media\/20236"}],"wp:attachment":[{"href":"https:\/\/revistaacropolis.com\/index.php\/wp-json\/wp\/v2\/media?parent=20235"}],"wp:term":[{"taxonomy":"category","embeddable":true,"href":"https:\/\/revistaacropolis.com\/index.php\/wp-json\/wp\/v2\/categories?post=20235"},{"taxonomy":"post_tag","embeddable":true,"href":"https:\/\/revistaacropolis.com\/index.php\/wp-json\/wp\/v2\/tags?post=20235"}],"curies":[{"name":"wp","href":"https:\/\/api.w.org\/{rel}","templated":true}]}}