{"id":20242,"date":"2025-05-27T17:13:49","date_gmt":"2025-05-27T23:13:49","guid":{"rendered":"https:\/\/revistaacropolis.com\/?p=20242"},"modified":"2025-05-27T17:14:01","modified_gmt":"2025-05-27T23:14:01","slug":"festival-del-cordero-y-el-mezcal-celebra-su-tercera-edicion-en-la-ex-hacienda-el-zoquital","status":"publish","type":"post","link":"https:\/\/revistaacropolis.com\/index.php\/festival-del-cordero-y-el-mezcal-celebra-su-tercera-edicion-en-la-ex-hacienda-el-zoquital\/sociedad\/comunicados\/","title":{"rendered":"Festival del Cordero y el Mezcal celebra su tercera edici\u00f3n en la Ex Hacienda El Zoquital"},"content":{"rendered":"\n<p><em>Se espera la asistencia de m\u00e1s de mil personas provenientes de diversos estados como Quer\u00e9taro, Michoac\u00e1n, Ciudad de M\u00e9xico y Estado de M\u00e9xico<\/em><\/p>\n\n\n\n<p><em>El evento incluir\u00e1 actividades familiares, catas-maridaje, exhibiciones de arte, m\u00fasica en vivo y recorridos por la ex hacienda<\/em><\/p>\n\n\n\n<p>El pr\u00f3ximo 7 de junio se celebrar\u00e1 la tercera edici\u00f3n del Festival del Cordero y el Mezcal en la Ex Hacienda El Zoquital, un evento que a\u00f1o con a\u00f1o se consolida como una experiencia gastron\u00f3mica y tur\u00edstica imperdible en Hidalgo.<\/p>\n\n\n\n<p>La rueda de prensa se realiz\u00f3 en el Hotel Capitalino, donde Fernanda Ibarra Percastre, directora general de Promoci\u00f3n y Mercadotecnia de la SECTURH, en representaci\u00f3n de la secretaria Elizabeth\u202fQuintanar G\u00f3mez, destac\u00f3 que este festival responde a la instrucci\u00f3n del gobernador Julio Menchaca de \u201cpromocionar, arropar y acompa\u00f1ar a los prestadores que potencien el turismo en nuestra entidad\u201d.<\/p>\n\n\n\n<p>Gregorio Gonz\u00e1lez Garza, gerente general de la Ex Hacienda El Zoquital, inform\u00f3 que se espera una afluencia superior a mil personas provenientes de entidades como Quer\u00e9taro, Michoac\u00e1n, Ciudad de M\u00e9xico y Estado de M\u00e9xico. Adem\u00e1s, explic\u00f3 que el cambio de fecha obedece al cumplimiento de las disposiciones por el periodo electoral y la ley seca.<\/p>\n\n\n\n<p>El festival tendr\u00e1 actividades de 11:00 a 23:00 horas, entre las que destacan catas-maridaje con nuevos productores de quesos artesanales, exhibiciones de arte, m\u00fasica en vivo (blues, rock, ranchera y mexicana), y recorridos por la hacienda para conocer su proceso productivo.<\/p>\n\n\n\n<p>Para ni\u00f1as y ni\u00f1os, habr\u00e1 toro mec\u00e1nico, inflables, pelotas choconas, pinta caritas y talleres donde podr\u00e1n elaborar sus propios quesos.<\/p>\n\n\n\n<p>Una de las grandes atracciones ser\u00e1 el cordero asado, adem\u00e1s de las catas de mezcal y destilados hidalguenses, con productos como el pulque y otros derivados del agave, promovidos por instrucci\u00f3n del secretario de Agricultura y Desarrollo Rural, Napole\u00f3n Gonz\u00e1lez. Este festival fortalece la identidad gastron\u00f3mica de Hidalgo y proyecta al estado como un destino tur\u00edstico con visi\u00f3n nacional.<\/p>\n\n\n\n<p>Prep\u00e1rate para vivir una experiencia llena de sabor, m\u00fasica, catas, gastronom\u00eda y tradici\u00f3n en Ex Hacienda El Zoquital. Compra tus boletos en l\u00ednea en www.zoquital.com\/festival<\/p>\n","protected":false},"excerpt":{"rendered":"<p>Se espera la asistencia de m\u00e1s de mil personas provenientes de diversos estados como Quer\u00e9taro, Michoac\u00e1n, Ciudad de M\u00e9xico y Estado de M\u00e9xico El evento incluir\u00e1 actividades familiares, catas-maridaje, exhibiciones&hellip; <\/p>\n","protected":false},"author":17,"featured_media":20243,"comment_status":"closed","ping_status":"closed","sticky":false,"template":"","format":"standard","meta":{"two_page_speed":[],"_joinchat":[],"footnotes":""},"categories":[86],"tags":[],"class_list":["post-20242","post","type-post","status-publish","format-standard","has-post-thumbnail","hentry","category-comunicados"],"_links":{"self":[{"href":"https:\/\/revistaacropolis.com\/index.php\/wp-json\/wp\/v2\/posts\/20242","targetHints":{"allow":["GET"]}}],"collection":[{"href":"https:\/\/revistaacropolis.com\/index.php\/wp-json\/wp\/v2\/posts"}],"about":[{"href":"https:\/\/revistaacropolis.com\/index.php\/wp-json\/wp\/v2\/types\/post"}],"author":[{"embeddable":true,"href":"https:\/\/revistaacropolis.com\/index.php\/wp-json\/wp\/v2\/users\/17"}],"replies":[{"embeddable":true,"href":"https:\/\/revistaacropolis.com\/index.php\/wp-json\/wp\/v2\/comments?post=20242"}],"version-history":[{"count":1,"href":"https:\/\/revistaacropolis.com\/index.php\/wp-json\/wp\/v2\/posts\/20242\/revisions"}],"predecessor-version":[{"id":20244,"href":"https:\/\/revistaacropolis.com\/index.php\/wp-json\/wp\/v2\/posts\/20242\/revisions\/20244"}],"wp:featuredmedia":[{"embeddable":true,"href":"https:\/\/revistaacropolis.com\/index.php\/wp-json\/wp\/v2\/media\/20243"}],"wp:attachment":[{"href":"https:\/\/revistaacropolis.com\/index.php\/wp-json\/wp\/v2\/media?parent=20242"}],"wp:term":[{"taxonomy":"category","embeddable":true,"href":"https:\/\/revistaacropolis.com\/index.php\/wp-json\/wp\/v2\/categories?post=20242"},{"taxonomy":"post_tag","embeddable":true,"href":"https:\/\/revistaacropolis.com\/index.php\/wp-json\/wp\/v2\/tags?post=20242"}],"curies":[{"name":"wp","href":"https:\/\/api.w.org\/{rel}","templated":true}]}}