{"id":20255,"date":"2025-05-28T11:08:38","date_gmt":"2025-05-28T17:08:38","guid":{"rendered":"https:\/\/revistaacropolis.com\/?p=20255"},"modified":"2025-05-28T11:08:47","modified_gmt":"2025-05-28T17:08:47","slug":"canadevi-con-liderazgo-miguel-jimenez-representa-al-gremio-empresarial-en-hidalgo","status":"publish","type":"post","link":"https:\/\/revistaacropolis.com\/index.php\/canadevi-con-liderazgo-miguel-jimenez-representa-al-gremio-empresarial-en-hidalgo\/sociedad\/revista-acropolis\/","title":{"rendered":"CANADEVI, Con liderazgo Miguel Jim\u00e9nez representa al gremio empresarial en Hidalgo"},"content":{"rendered":"\n<p>Con liderazgo y visi\u00f3n, el Presidente de la CANADEVI Hidalgo, Miguel \u00c1ngel Jim\u00e9nez, en su rol como Vicepresidente de Gesti\u00f3n de Proyectos y Capacitaci\u00f3n del Consejo Coordinador Empresarial de Hidalgo, encabez\u00f3 la Mesa de Trabajo donde se recibi\u00f3 al Lic. Jos\u00e9 Gerardo Rodolfo Fern\u00e1ndez Noro\u00f1a, Presidente del Senado de la LXVI Legislatura; y a la Mtra. Simey Olvera Bautista, Senadora de la Rep\u00fablica y en un ambiente de di\u00e1logo se trataron temas como las \u00faltimas reformas en la elecci\u00f3n del Poder Judicial, la necesidad de un marco legal que garantice la estabilidad y el crecimiento, as\u00ed como la importancia de las propuestas del sector empresarial en la toma de decisiones.<\/p>\n\n\n\n<p><strong>En reuni\u00f3n mensual, Canadevi reafirma objetivos<\/strong><\/p>\n\n\n\n<p>Durante la reuni\u00f3n mensual de la CANADEVI en Hidalgo, encabezada por el presidente Miguel \u00c1ngel Jim\u00e9nez, se abordaron temas de gran relevancia para el sector, entre ellos el Programa Nacional de Vivienda, mismo que atraer\u00e1 destacadas oportunidades para Hidalgo. Adem\u00e1s de que como c\u00e1mara reafirmaron sus objetivos, entre ellos y el m\u00e1s importante, dotar de vivienda digna a los hidalguenses.<\/p>\n\n\n\n<p>Gremios aliados sumaran desarrollo integral para Hidalgo<\/p>\n\n\n\n<p>Con liderazgo Miguel Jim\u00e9nez representa al gremio empresarial en Hidalgo<\/p>\n\n\n\n<p>Con liderazgo y visi\u00f3n, el Presidente de la CANADEVI Hidalgo, Miguel \u00c1ngel Jim\u00e9nez, en su rol como Vicepresidente de Gesti\u00f3n de Proyectos y Capacitaci\u00f3n del Consejo Coordinador<\/p>\n\n\n\n<p>Empresarial de Hidalgo, encabez\u00f3 la Mesa de Trabajo donde se recibi\u00f3 al Lic. Jos\u00e9 Gerardo Rodolfo Fern\u00e1ndez Noro\u00f1a, Presidente del Senado de la LXVI Legislatura; y a la Mtra. Simey Olvera Bautista, Senadora de la Rep\u00fablica y en un ambiente de di\u00e1logo se trataron temas como las \u00faltimas reformas en la elecci\u00f3n del Poder Judicial, la necesidad de un marco legal que garantice la estabilidad y el crecimiento, as\u00ed como la importancia de las propuestas del sector empresarial en la toma de decisiones.<\/p>\n\n\n\n<p><strong>CANADEVI en coordinaci\u00f3n con la c\u00fapula empresarial para favorecer a Hidalgo<\/strong><\/p>\n\n\n\n<p>Como parte de las acciones realizadas en el Consejo Coordinador Empresarial de Hidalgo, el presidente de la CANADEVI Hidalgo, Miguel \u00c1ngel Jim\u00e9nez particip\u00f3 en la reuni\u00f3n de Presidentes en Activo y a la Asamblea General Ordinaria del CCEH. Donde se cont\u00f3 con la presencia destacada del Mtro. Jos\u00e9 Luis \u00c1lvarez Tagle, Titular del Instituto de la Funci\u00f3n Registral de Hidalgo, quien en su participaci\u00f3n habl\u00f3 sobre temas relevantes para la actividad empresarial, generando un di\u00e1logo valioso para los asistentes.<\/p>\n\n\n\n<p><strong>Gremios aliados sumaran desarrollo integral para Hidalgo<\/strong><\/p>\n\n\n\n<p>El presidente de la CANADEVI Hidalgo, Miguel \u00c1ngel Jim\u00e9nez, y la tesorera Ana Karen Ju\u00e1rez, acudieron a esta significativa celebraci\u00f3n, reconociendo la destacada labor de su presidente, el Arquitecto Amado Jorge Romera, as\u00ed como el compromiso y profesionalismo que el Colegio ha demostrado a lo largo de seis d\u00e9cadas en la promoci\u00f3n del desarrollo urbano y la arquitectura en el estado. La CANADEVI extendi\u00f3 su reconocimiento a todos los miembros del Colegio por su invaluable contribuci\u00f3n al fortalecimiento del gremio y a la construcci\u00f3n de entornos m\u00e1s dignos, funcionales y sostenibles para la sociedad hidalguense.<\/p>\n","protected":false},"excerpt":{"rendered":"<p>Con liderazgo y visi\u00f3n, el Presidente de la CANADEVI Hidalgo, Miguel \u00c1ngel Jim\u00e9nez, en su rol como Vicepresidente de Gesti\u00f3n de Proyectos y Capacitaci\u00f3n del Consejo Coordinador Empresarial de Hidalgo,&hellip; <\/p>\n","protected":false},"author":10,"featured_media":20256,"comment_status":"closed","ping_status":"closed","sticky":false,"template":"","format":"standard","meta":{"two_page_speed":[],"_joinchat":[],"footnotes":""},"categories":[2092],"tags":[],"class_list":["post-20255","post","type-post","status-publish","format-standard","has-post-thumbnail","hentry","category-revista-acropolis"],"_links":{"self":[{"href":"https:\/\/revistaacropolis.com\/index.php\/wp-json\/wp\/v2\/posts\/20255","targetHints":{"allow":["GET"]}}],"collection":[{"href":"https:\/\/revistaacropolis.com\/index.php\/wp-json\/wp\/v2\/posts"}],"about":[{"href":"https:\/\/revistaacropolis.com\/index.php\/wp-json\/wp\/v2\/types\/post"}],"author":[{"embeddable":true,"href":"https:\/\/revistaacropolis.com\/index.php\/wp-json\/wp\/v2\/users\/10"}],"replies":[{"embeddable":true,"href":"https:\/\/revistaacropolis.com\/index.php\/wp-json\/wp\/v2\/comments?post=20255"}],"version-history":[{"count":1,"href":"https:\/\/revistaacropolis.com\/index.php\/wp-json\/wp\/v2\/posts\/20255\/revisions"}],"predecessor-version":[{"id":20257,"href":"https:\/\/revistaacropolis.com\/index.php\/wp-json\/wp\/v2\/posts\/20255\/revisions\/20257"}],"wp:featuredmedia":[{"embeddable":true,"href":"https:\/\/revistaacropolis.com\/index.php\/wp-json\/wp\/v2\/media\/20256"}],"wp:attachment":[{"href":"https:\/\/revistaacropolis.com\/index.php\/wp-json\/wp\/v2\/media?parent=20255"}],"wp:term":[{"taxonomy":"category","embeddable":true,"href":"https:\/\/revistaacropolis.com\/index.php\/wp-json\/wp\/v2\/categories?post=20255"},{"taxonomy":"post_tag","embeddable":true,"href":"https:\/\/revistaacropolis.com\/index.php\/wp-json\/wp\/v2\/tags?post=20255"}],"curies":[{"name":"wp","href":"https:\/\/api.w.org\/{rel}","templated":true}]}}