{"id":20272,"date":"2025-05-28T23:33:06","date_gmt":"2025-05-29T05:33:06","guid":{"rendered":"https:\/\/revistaacropolis.com\/?p=20272"},"modified":"2025-05-28T23:33:19","modified_gmt":"2025-05-29T05:33:19","slug":"inauguracion-de-la-calle-5-de-febrero-un-paso-firme-hacia-la-transformacion-de-tula-de-allende","status":"publish","type":"post","link":"https:\/\/revistaacropolis.com\/index.php\/inauguracion-de-la-calle-5-de-febrero-un-paso-firme-hacia-la-transformacion-de-tula-de-allende\/sociedad\/revista-acropolis\/","title":{"rendered":"Inauguraci\u00f3n de la calle 5 de febrero; un paso firme hacia la transformaci\u00f3n de Tula de Allende."},"content":{"rendered":"\n<p>El d\u00eda de ayer ciudadanas y ciudadanos se reunieron para presenciar la inauguraci\u00f3n de la renovada calle 5 de febrero, una obra emblem\u00e1tica que refleja la colaboraci\u00f3n efectiva entre el gobierno del estado y el gobierno municipal.<\/p>\n\n\n\n<p>Esta obra, que representa una inversi\u00f3n significativa de recursos por parte de ambas \u00f3rdenes de gobierno, con $3,779,469.54 invertidos por parte del municipio, es un claro ejemplo de c\u00f3mo el trabajo conjunto puede transformar la infraestructura de nuestra ciudad y mejorar la calidad de vida de la ciudadan\u00eda tulense.<\/p>\n\n\n\n<p>La inauguraci\u00f3n, encabezada por Cristhian Mart\u00ednez, presidente municipal y con la visita de Alejandro S\u00e1nchez Garc\u00eda, secretario de Infraestructura P\u00fablica y Desarrollo Urbano Sostenible y el titular de la Contralor\u00eda del Estado de Hidalgo, \u00c1lvaro Bardales, sociedad civil, comerciantes y operadores del transporte p\u00fablico quienes han respaldado esta acci\u00f3n con entusiasmo.<\/p>\n\n\n\n<p>Durante el evento, el presidente municipal destac\u00f3 la importancia de esta obra, que no solo destaca el desarrollo urbano, sino tambi\u00e9n impulsa la econom\u00eda de la zona. Pues dijo que la calle no solo es una v\u00eda de comunicaci\u00f3n; es una arteria que conecta oportunidades en el municipio.<\/p>\n\n\n\n<p>Esta renovaci\u00f3n, incluye mejoramientos en la pavimentaci\u00f3n, instalaci\u00f3n de iluminaci\u00f3n eficiente y la creaci\u00f3n de \u00e1reas verdes. Estos cambios no solo beneficiar\u00e1n a los automovilistas, sino tambi\u00e9n a los peatones y a los comerciantes que ven en esta mejora una oportunidad para atraer a m\u00e1s clientes y fomentar el comercio local. Los comerciantes locales, a trav\u00e9s de uno de sus representantes, expresaron su respaldo a esta iniciativa se\u00f1alando que la revitalizaci\u00f3n de esta calle representa un nuevo comienzo para sus negocios.<\/p>\n\n\n\n<p>La colaboraci\u00f3n entre el gobierno del estado y el gobierno municipal ha sido fundamental para llevar a cabo este proyecto. Gracias a la inversi\u00f3n conjunta, se han podido realizar mejoras significativas que benefician a todos los ciudadanos y que fomentan el desarrollo econ\u00f3mico de la regi\u00f3n.<\/p>\n\n\n\n<p>Esta inauguraci\u00f3n es solo el inicio de una serie de proyectos que buscan modernizar la ciudad y ofrecer a sus habitantes una mejor calidad de vida.<\/p>\n\n\n\n<p><strong>Rehabilitaci\u00f3n de banquetas y guarniciones en la calle 5 de febrero Inversi\u00f3n: $3,779,469.64 <\/strong>Generalidades: 280 metros lineales de banquetas de concreto estampado acabado moderno y color oscuro.<\/p>\n\n\n\n<ul class=\"wp-block-list\">\n<li>280 metros lineales de guarnici\u00f3n de concreto hidr\u00e1ulico.<\/li>\n\n\n\n<li>Jardineras para generar \u00e1reas verdes.<\/li>\n\n\n\n<li>Barandal de acero para delimitar jardineras. <\/li>\n\n\n\n<li>50 \u00e1rboles tipo ficus a cada 4 metros.<\/li>\n\n\n\n<li>1800 piezas de arbusto tipo duranta.<\/li>\n\n\n\n<li>15 maceteros de acero 1.10 metros de altura con \u00e1rbol cola de zorro.<\/li>\n\n\n\n<li>24 l\u00e1mparas tipo farol a lo largo de la calle de 5 metros de altura.<\/li>\n\n\n\n<li>Pintura de tr\u00e1nsito para delimitar pasos peatonales y carretera.<\/li>\n\n\n\n<li>63 vialetas reflejantes.<\/li>\n\n\n\n<li>12 rampas inclusivas para personas con capacidades diferentes.<\/li>\n\n\n\n<li>6 placas con nomenclatura de calle y 10 se\u00f1alamientos.<\/li>\n\n\n\n<li>Demolici\u00f3n y colocaci\u00f3n de lamma de 119 ML en la primaria Venustiano Carranza.<\/li>\n<\/ul>\n","protected":false},"excerpt":{"rendered":"<p>El d\u00eda de ayer ciudadanas y ciudadanos se reunieron para presenciar la inauguraci\u00f3n de la renovada calle 5 de febrero, una obra emblem\u00e1tica que refleja la colaboraci\u00f3n efectiva entre el&hellip; <\/p>\n","protected":false},"author":17,"featured_media":20273,"comment_status":"closed","ping_status":"closed","sticky":false,"template":"","format":"standard","meta":{"two_page_speed":[],"_joinchat":[],"footnotes":""},"categories":[2092],"tags":[],"class_list":["post-20272","post","type-post","status-publish","format-standard","has-post-thumbnail","hentry","category-revista-acropolis"],"_links":{"self":[{"href":"https:\/\/revistaacropolis.com\/index.php\/wp-json\/wp\/v2\/posts\/20272","targetHints":{"allow":["GET"]}}],"collection":[{"href":"https:\/\/revistaacropolis.com\/index.php\/wp-json\/wp\/v2\/posts"}],"about":[{"href":"https:\/\/revistaacropolis.com\/index.php\/wp-json\/wp\/v2\/types\/post"}],"author":[{"embeddable":true,"href":"https:\/\/revistaacropolis.com\/index.php\/wp-json\/wp\/v2\/users\/17"}],"replies":[{"embeddable":true,"href":"https:\/\/revistaacropolis.com\/index.php\/wp-json\/wp\/v2\/comments?post=20272"}],"version-history":[{"count":1,"href":"https:\/\/revistaacropolis.com\/index.php\/wp-json\/wp\/v2\/posts\/20272\/revisions"}],"predecessor-version":[{"id":20274,"href":"https:\/\/revistaacropolis.com\/index.php\/wp-json\/wp\/v2\/posts\/20272\/revisions\/20274"}],"wp:featuredmedia":[{"embeddable":true,"href":"https:\/\/revistaacropolis.com\/index.php\/wp-json\/wp\/v2\/media\/20273"}],"wp:attachment":[{"href":"https:\/\/revistaacropolis.com\/index.php\/wp-json\/wp\/v2\/media?parent=20272"}],"wp:term":[{"taxonomy":"category","embeddable":true,"href":"https:\/\/revistaacropolis.com\/index.php\/wp-json\/wp\/v2\/categories?post=20272"},{"taxonomy":"post_tag","embeddable":true,"href":"https:\/\/revistaacropolis.com\/index.php\/wp-json\/wp\/v2\/tags?post=20272"}],"curies":[{"name":"wp","href":"https:\/\/api.w.org\/{rel}","templated":true}]}}