{"id":20275,"date":"2025-05-29T13:55:28","date_gmt":"2025-05-29T19:55:28","guid":{"rendered":"https:\/\/revistaacropolis.com\/?p=20275"},"modified":"2025-05-29T13:55:30","modified_gmt":"2025-05-29T19:55:30","slug":"el-huerto-municipal-de-santiago-de-anaya-sembrando-conciencia-sustentabilidad-y-bienestar-comunitario","status":"publish","type":"post","link":"https:\/\/revistaacropolis.com\/index.php\/el-huerto-municipal-de-santiago-de-anaya-sembrando-conciencia-sustentabilidad-y-bienestar-comunitario\/sociedad\/comunicados\/","title":{"rendered":"El Huerto Municipal de Santiago de Anaya: sembrando conciencia, sustentabilidad y bienestar comunitario"},"content":{"rendered":"\n<p>En un paso firme hacia la autosuficiencia alimentaria, la educaci\u00f3n ambiental y la sostenibilidad, el Gobierno Municipal de Santiago de Anaya puso en marcha el Huerto Municipal, una iniciativa impulsada por la Presidenta Municipal,&nbsp;Ing.&nbsp;Arq. Danay \u00c1ngeles, con el objetivo de capacitar a la ciudadan\u00eda en la producci\u00f3n de alimentos sanos&nbsp;y&nbsp;naturales.<\/p>\n\n\n\n<p>Este espacio, instalado dentro de las instalaciones del Sistema DIF Municipal, est\u00e1 dise\u00f1ado para funcionar como un modelo pr\u00e1ctico y educativo, donde se impartir\u00e1n talleres dirigidos a escuelas y amas de casa, fomentando el aprendizaje sobre la siembra responsable y el consumo de productos cultivados localmente.<\/p>\n\n\n\n<p>En el primer taller impartido,&nbsp;se cont\u00f3 con la participaci\u00f3n de alumnos y alumnas del Centro de Atenci\u00f3n Infantil&nbsp;CAI, acompa\u00f1ados por el Arq. Gustavo de la Cruz, director del Sistema DIF Municipal, quienes recorrieron el espacio de siembra y aprendieron sobre la importancia de cultivar hortalizas, cuidar el medio ambiente y valorar el origen de los alimentos.<\/p>\n\n\n\n<p><em>\u201cEste huerto es m\u00e1s que tierra y plantas; es una herramienta para empoderar a nuestra gente, cuidar nuestra salud y proteger el medio ambiente. En Santiago de Anaya estamos sembrando futuro con acciones concretas\u201d<\/em><em>, Danay \u00c1ngeles.<\/em><\/p>\n\n\n\n<p>Con proyectos como este, la actual administraci\u00f3n reitera su compromiso con el desarrollo integral de las familias santiaguenses, y con una visi\u00f3n de gobierno que pone al centro la participaci\u00f3n comunitaria, el medio ambiente y el bienestar social.<\/p>\n\n\n\n<p>\u00a1Juntas y juntos, seguimos sembrando un futuro m\u00e1s sustentable!<\/p>\n","protected":false},"excerpt":{"rendered":"<p>En un paso firme hacia la autosuficiencia alimentaria, la educaci\u00f3n ambiental y la sostenibilidad, el Gobierno Municipal de Santiago de Anaya puso en marcha el Huerto Municipal, una iniciativa impulsada&hellip; <\/p>\n","protected":false},"author":17,"featured_media":20276,"comment_status":"closed","ping_status":"closed","sticky":false,"template":"","format":"standard","meta":{"two_page_speed":[],"_joinchat":[],"footnotes":""},"categories":[86],"tags":[],"class_list":["post-20275","post","type-post","status-publish","format-standard","has-post-thumbnail","hentry","category-comunicados"],"_links":{"self":[{"href":"https:\/\/revistaacropolis.com\/index.php\/wp-json\/wp\/v2\/posts\/20275","targetHints":{"allow":["GET"]}}],"collection":[{"href":"https:\/\/revistaacropolis.com\/index.php\/wp-json\/wp\/v2\/posts"}],"about":[{"href":"https:\/\/revistaacropolis.com\/index.php\/wp-json\/wp\/v2\/types\/post"}],"author":[{"embeddable":true,"href":"https:\/\/revistaacropolis.com\/index.php\/wp-json\/wp\/v2\/users\/17"}],"replies":[{"embeddable":true,"href":"https:\/\/revistaacropolis.com\/index.php\/wp-json\/wp\/v2\/comments?post=20275"}],"version-history":[{"count":1,"href":"https:\/\/revistaacropolis.com\/index.php\/wp-json\/wp\/v2\/posts\/20275\/revisions"}],"predecessor-version":[{"id":20277,"href":"https:\/\/revistaacropolis.com\/index.php\/wp-json\/wp\/v2\/posts\/20275\/revisions\/20277"}],"wp:featuredmedia":[{"embeddable":true,"href":"https:\/\/revistaacropolis.com\/index.php\/wp-json\/wp\/v2\/media\/20276"}],"wp:attachment":[{"href":"https:\/\/revistaacropolis.com\/index.php\/wp-json\/wp\/v2\/media?parent=20275"}],"wp:term":[{"taxonomy":"category","embeddable":true,"href":"https:\/\/revistaacropolis.com\/index.php\/wp-json\/wp\/v2\/categories?post=20275"},{"taxonomy":"post_tag","embeddable":true,"href":"https:\/\/revistaacropolis.com\/index.php\/wp-json\/wp\/v2\/tags?post=20275"}],"curies":[{"name":"wp","href":"https:\/\/api.w.org\/{rel}","templated":true}]}}