{"id":20493,"date":"2025-06-17T11:35:49","date_gmt":"2025-06-17T17:35:49","guid":{"rendered":"https:\/\/revistaacropolis.com\/?p=20493"},"modified":"2025-06-17T12:50:03","modified_gmt":"2025-06-17T18:50:03","slug":"las-elecciones-al-poder-judicial-guadalupe-orona-urias","status":"publish","type":"post","link":"https:\/\/revistaacropolis.com\/index.php\/las-elecciones-al-poder-judicial-guadalupe-orona-urias\/columnas\/","title":{"rendered":"Las elecciones al poder judicial, por: Guadalupe Orona Urias"},"content":{"rendered":"\n<p><\/p>\n\n\n\n<p><\/p>\n\n\n\n<p>Son, si duda, muchos problemas los que aquejan a los mexicanos en general y un sin fin de asuntos que generalmente desconocemos, y por lo tanto tambi\u00e9n ignoramos sus efectos macro y consecuencias particulares en nuestro \u00e1mbito social, pol\u00edtico y econ\u00f3mico; por ejemplo, qu\u00e9 sabemos sobre la pol\u00edtica arancelaria que est\u00e1 aplicando el presidente de los Estados Unidos a varios pa\u00edses del mundo, entre ellos M\u00e9xico, \u00bfconocemos las causas? \u00bfSabemos si nos afecta y de qu\u00e9 manera? \u00bfQu\u00e9 pasar\u00e1 con todos nuestros paisanos en Estados Unidos con las nuevas leyes de migraci\u00f3n y el gravamen impuesto a las remesas enviadas a nuestro pa\u00eds?<\/p>\n\n\n\n<p>&nbsp;&nbsp;&nbsp;&nbsp;&nbsp;&nbsp;&nbsp;&nbsp;&nbsp;&nbsp;&nbsp;&nbsp;&nbsp;&nbsp;&nbsp;&nbsp;&nbsp; Aqu\u00ed en Hidalgo, \u00bfqu\u00e9 est\u00e1 pasando con nuestros vecinos de los fraccionamientos Los Tuzos, en Mineral de la Reforma y Progreso, en Pachuca y de otras colonias que se inundaron, \u00bfes cierto que todo es culpa del pasado? \u00bfY la nueva administraci\u00f3n estatal, qu\u00e9 ha hecho para poner remedio a las inundaciones en Los Tuzos, si ya sab\u00edan que casi cada a\u00f1o cientos de viviendas se inundan, y las familias pierden su patrimonio?<\/p>\n\n\n\n<p>&nbsp;&nbsp;&nbsp;&nbsp;&nbsp;&nbsp;&nbsp;&nbsp;&nbsp;&nbsp;&nbsp;&nbsp;&nbsp;&nbsp;&nbsp;&nbsp;&nbsp; En fin, son tantos los problemas, pero hoy quiero compartir con ustedes mi opini\u00f3n espec\u00edficamente sobre la Reforma Judicial, esa hecha al vapor y votada por muchos congresos locales sin siquiera ser le\u00edda por los diputados, mucho menos discutida, y sobre las elecciones para imponerla se realizaron el pasado domingo 1 de junio, y donde se eligieron ministros, jueces y magistrados.<\/p>\n\n\n\n<p>&nbsp;&nbsp;&nbsp;&nbsp;&nbsp;&nbsp;&nbsp;&nbsp;&nbsp;&nbsp;&nbsp;&nbsp;&nbsp;&nbsp;&nbsp;&nbsp;&nbsp; Se llev\u00f3 a cabo una elecci\u00f3n que cost\u00f3 m\u00e1s de 7 mil millones de pesos, y donde \u00a1el colmo del rid\u00edculo!, solamente votaron alrededor de 13 millones de mexicanos; de esos, m\u00e1s de 1.5 millones son votos nulos, de gente que acudi\u00f3 a las urnas, y que, a manera de protesta: tom\u00f3 la boleta y la marco con frases como fraude, corrupci\u00f3n, mentirosos, hip\u00f3critas, alto a la imposici\u00f3n, etc.; es decir, realmente fueron entre 10 y 11 millones de mexicanos quienes \u201celigieron\u201d a los magistrados, jueces y ministros. Somos un poco m\u00e1s de 100 millones de electores, y la escasa concurrencia es en s\u00ed misma sumamente grave.<\/p>\n\n\n\n<p>&nbsp;&nbsp;&nbsp;&nbsp;&nbsp;&nbsp;&nbsp;&nbsp;&nbsp;&nbsp;&nbsp;&nbsp;&nbsp;&nbsp;&nbsp;&nbsp;&nbsp; Pero lo peor, quiz\u00e1, es el hecho de que <strong>no<\/strong> es cierto que fue una elecci\u00f3n democr\u00e1tica; fue una descarada imposici\u00f3n desde el gobierno para consolidar la dictadura de Morena y tener el control total del pa\u00eds y de los mexicanos; ahora, de manera \u201clegal\u201d, el ejecutivo, o sea, Morena, tambi\u00e9n se hace del poder judicial; el legislativo, con maniobras y compra de senadores ya lo ten\u00eda, por eso pudo aprobar la Reforma judicial.<\/p>\n\n\n\n<p>&nbsp;&nbsp;&nbsp;&nbsp;&nbsp;&nbsp;&nbsp;&nbsp;&nbsp;&nbsp;&nbsp;&nbsp;&nbsp;&nbsp;&nbsp;&nbsp;&nbsp; Es cierto que se necesitaba una Reforma Judicial, pues la impartici\u00f3n de justicia en M\u00e9xico no es ni pronta, ni expedita y tampoco, en la mayor\u00eda de los casos, es justa; por ejemplo, 9 de cada 10 carpetas de investigaci\u00f3n no se resuelven; hay corrupci\u00f3n y omisi\u00f3n, se vende la justicia: los juicios los ganan quienes tienen dinero para sobornar y comprar jueces o ministros; existen, como sabemos, \u201cimpartidores de justicia\u201d en muchos estados, sobre todo jueces, que son servidores del gobernador en turno, es decir, que juzgan y sentencian por consigna. Tambi\u00e9n es cierto que se necesitaban las medidas y reglas necesarias para proporcionar juicios justos a las personas humildes que se encuentran detenidas porque no tienen para pagar un buen abogado, y eso, entre otras cosas, ha llevado a que alrededor del 33 por ciento de las personas encarceladas se encuentren en prisi\u00f3n preventiva oficiosa sin ser declarados culpables, sin sentencia. Pero estos asuntos que s\u00ed son un problema para el ciudadano de a pie, no los contempl\u00f3 la Reforma Judicial.<\/p>\n\n\n\n<p>&nbsp;&nbsp;&nbsp;&nbsp;&nbsp;&nbsp;&nbsp;&nbsp;&nbsp;&nbsp;&nbsp;&nbsp;&nbsp;&nbsp;&nbsp;&nbsp;&nbsp; \u00bfQue vimos en esta elecci\u00f3n?<\/p>\n\n\n\n<p>&nbsp;&nbsp;&nbsp;&nbsp;&nbsp;&nbsp;&nbsp;&nbsp;&nbsp;&nbsp;&nbsp;&nbsp;&nbsp;&nbsp;&nbsp;&nbsp;&nbsp; En primer lugar, cero democracia, pues todos los candidatos <strong>no <\/strong>eran los m\u00e1s expertos y conocedores en la materia, sino seguidores y propuestos por Morena. Adem\u00e1s, como lo documentaron algunos analistas, aparecieron en la lista de \u201ccandidatos\u201d muchos familiares de morenistas y algunos, dicen, representantes del crimen organizado. En segundo lugar, a quienes acudieron a las urnas les dieron la lista, \u201cel acorde\u00f3n\u201d, de por qui\u00e9n deber\u00edan votar: \u00a1por los jueces y magistrados del bienestar! Adem\u00e1s, era imposible conocer a todos los candidatos, por ejemplo, en la Ciudad de M\u00e9xico ten\u00edan para escoger 288 nombres, y de ellos elegir 53; \u00bfc\u00f3mo saber de su perfil, trayectoria, conducta, etc.? Era votar a ciegas, guiados solo por la consigna. Creo que el pueblo volvi\u00f3 a perder y gan\u00f3 el poder; lograron su objetivo: controlar el poder judicial.<\/p>\n\n\n\n<p>&nbsp;&nbsp;&nbsp;&nbsp;&nbsp;&nbsp;&nbsp;&nbsp;&nbsp;&nbsp;&nbsp;&nbsp;&nbsp;&nbsp;&nbsp;&nbsp;&nbsp; Montesquieu, creador de la teor\u00eda de la divisi\u00f3n de poderes en ejecutivo, legislativo y judicial, dec\u00eda que dicha divisi\u00f3n tiene tres prop\u00f3sitos fundamentales: uno funcional, que tiene como fin especializar a diversos \u00f3rganos del poder en el cumplimiento de ciertas funciones, y por tanto hacer m\u00e1s efectiva la labor de gobierno. El segundo es la tarea de desconcentrar, es decir, evitar la acumulaci\u00f3n de poderes en un mismo cuerpo, sobre todo si dicha acumulaci\u00f3n puede dar lugar a injusticias y tiran\u00edas. Y el tercero, la funci\u00f3n de control mutuo: \u201clos poderes y los \u00f3rganos se dividen no solo para evitar la acumulaci\u00f3n de poder y de competencias, sino tambi\u00e9n para que entre ellos ejerzan un control mutuo de sus actuaciones, control que por supuesto ha de obedecer a normas constitucionales y legales\u201d.<\/p>\n\n\n\n<p>Si analizamos con detenimiento dichos planteamientos, que han sido incorporados en las instituciones de M\u00e9xico y en las relaciones sociales entre todos los mexicanos, vemos c\u00f3mo en la actualidad, sobre todo en los tiempos que corren del gobierno morenista, tanto las leyes, como la separaci\u00f3n de poderes, se han vuelto polvo: ahora se perseguir\u00e1, sin ninguna defensa, pues los jueces son de ellos, a quien el Ejecutivo determine; el Legislativo (C\u00e1mara de Diputados y Senadores), como hemos visto, en lugar de hacer contrapeso al Ejecutivo, hace y ejecuta sin chistar lo que \u00e9ste ordena. Ahora, con la legalizaci\u00f3n de su Reforma, con menos rubor se arrogar\u00e1n el poder de juzgar y condenar a ciudadanos, a los que consideren sus adversarios pol\u00edticos o estorbos para sus prop\u00f3sitos. As\u00ed que, se ha legitimado un gobierno aut\u00f3crata, que no respeta las leyes, ni la divisi\u00f3n de poderes.<\/p>\n\n\n\n<p>Tambi\u00e9n Montesquieu dej\u00f3 dicho que: \u201cQuien posee el poder tiene tendencia a abusar de \u00e9l es una verdad eterna. Tiende a llegar hasta donde las barreras se lo permiten\u201d. As\u00ed lo plante\u00f3 en 1748, al formular la teor\u00eda de la divisi\u00f3n de poderes, en su libro \u201c<em>El esp\u00edritu de las leyes\u201d<\/em>. Y esta verdad, al correr de casi tres siglos, sigue tan vigente en el mundo, y de manera descarnada en nuestro pa\u00eds. Tambi\u00e9n enunci\u00f3 que \u201cNo hay mayor tiran\u00eda que la que se perpetra bajo el escudo de la ley y en nombre de la justicia\u201d. El abuso de poder y la tiran\u00eda van juntos, son causa y efecto; sin embargo, la causa&nbsp; profunda la encontramos al conocer a qui\u00e9n o a qui\u00e9nes sirven esos tiranos y ese descubrimiento lo tenemos que develar bajo la mara\u00f1a de todos los discursos demag\u00f3gicos, de todas las acciones de tipo \u201cfilantr\u00f3pico\u201d y de todo evento pol\u00edtico o de car\u00e1cter \u201cinstitucional\u201d; en sus hechos los debemos sorprender para verdaderamente conocerlos.<\/p>\n\n\n\n<p>As\u00ed pues, estamos ante una serie de acciones gubernamentales muy peligrosas y que, probablemente, en algunos estados van a pretender imitar, algunos gobernadores con aires de monarcas, esos que consideran que el voto ciudadano tambi\u00e9n los hace due\u00f1os de los recursos p\u00fablicos; que olvidan que el erario es riqueza generada por todos los mexicanos y que por lo tanto debe aplicarse en su bienestar. Por lo pronto, todos los antorchistas de M\u00e9xico seguiremos planteando a lo largo y ancho del pa\u00eds las verdaderas alternativas, nuestro proyecto de naci\u00f3n que incluye a todos los sectores de la poblaci\u00f3n y que contempla un verdadero cambio de modelo econ\u00f3mico que reparta equitativamente la riqueza nacional. Como antes dijimos, Montesquieu advirti\u00f3 que el abuso del poder llega hasta donde las barreras se lo permiten. Pues bien, la fuerza organizada de la sociedad debe ser y poner esa barrera.<\/p>\n","protected":false},"excerpt":{"rendered":"<p>Son, si duda, muchos problemas los que aquejan a los mexicanos en general y un sin fin de asuntos que generalmente desconocemos, y por lo tanto tambi\u00e9n ignoramos sus efectos&hellip; <\/p>\n","protected":false},"author":17,"featured_media":20496,"comment_status":"closed","ping_status":"closed","sticky":false,"template":"","format":"standard","meta":{"two_page_speed":[],"_joinchat":[],"footnotes":""},"categories":[7],"tags":[50,2771],"class_list":["post-20493","post","type-post","status-publish","format-standard","has-post-thumbnail","hentry","category-columnas","tag-morena","tag-reforma-judicial"],"_links":{"self":[{"href":"https:\/\/revistaacropolis.com\/index.php\/wp-json\/wp\/v2\/posts\/20493","targetHints":{"allow":["GET"]}}],"collection":[{"href":"https:\/\/revistaacropolis.com\/index.php\/wp-json\/wp\/v2\/posts"}],"about":[{"href":"https:\/\/revistaacropolis.com\/index.php\/wp-json\/wp\/v2\/types\/post"}],"author":[{"embeddable":true,"href":"https:\/\/revistaacropolis.com\/index.php\/wp-json\/wp\/v2\/users\/17"}],"replies":[{"embeddable":true,"href":"https:\/\/revistaacropolis.com\/index.php\/wp-json\/wp\/v2\/comments?post=20493"}],"version-history":[{"count":4,"href":"https:\/\/revistaacropolis.com\/index.php\/wp-json\/wp\/v2\/posts\/20493\/revisions"}],"predecessor-version":[{"id":20499,"href":"https:\/\/revistaacropolis.com\/index.php\/wp-json\/wp\/v2\/posts\/20493\/revisions\/20499"}],"wp:featuredmedia":[{"embeddable":true,"href":"https:\/\/revistaacropolis.com\/index.php\/wp-json\/wp\/v2\/media\/20496"}],"wp:attachment":[{"href":"https:\/\/revistaacropolis.com\/index.php\/wp-json\/wp\/v2\/media?parent=20493"}],"wp:term":[{"taxonomy":"category","embeddable":true,"href":"https:\/\/revistaacropolis.com\/index.php\/wp-json\/wp\/v2\/categories?post=20493"},{"taxonomy":"post_tag","embeddable":true,"href":"https:\/\/revistaacropolis.com\/index.php\/wp-json\/wp\/v2\/tags?post=20493"}],"curies":[{"name":"wp","href":"https:\/\/api.w.org\/{rel}","templated":true}]}}