{"id":20846,"date":"2025-07-14T19:05:16","date_gmt":"2025-07-15T01:05:16","guid":{"rendered":"https:\/\/revistaacropolis.com\/?p=20846"},"modified":"2025-07-14T19:05:19","modified_gmt":"2025-07-15T01:05:19","slug":"arranca-la-obra-del-parque-quetzalcoatl-en-tula-de-allende-un-espacio-que-honra-nuestra-cultura-milenaria","status":"publish","type":"post","link":"https:\/\/revistaacropolis.com\/index.php\/arranca-la-obra-del-parque-quetzalcoatl-en-tula-de-allende-un-espacio-que-honra-nuestra-cultura-milenaria\/economia\/","title":{"rendered":"Arranca la obra del Parque Quetzalc\u00f3atl en Tula de Allende, un espacio que honra nuestra cultura milenaria"},"content":{"rendered":"\n<p>El Gobierno Municipal de Tula de Allende que encabeza el presidente Cristhian Mart\u00ednez, dio <strong>inicio de manera oficial de los trabajos de construcci\u00f3n del nuevo \u201cParque Quetzalc\u00f3atl\u201d<\/strong>, un proyecto que <strong>representa un avance significativo en la recuperaci\u00f3n de nuestros espacios p\u00fablicos y en la preservaci\u00f3n de la cultura tolteca.<\/strong><\/p>\n\n\n\n<p>Con una inversi\u00f3n total de <em>22 millones 437 mil 681.66 pesos<\/em>, esta obra busca convertirse en un referente de identidad cultural, recreaci\u00f3n y convivencia para la sociedad tulense.<br>El Parque Quetzalc\u00f3atl ser\u00e1 un espacio dise\u00f1ado para rendir homenaje a nuestra historia milenaria, promoviendo adem\u00e1s la recuperaci\u00f3n del tejido social y fortaleciendo el sentido de pertenencia entre los habitantes de Tula de Allende.<\/p>\n\n\n\n<p>Durante el acto protocolario, <strong>el presidente municipal Cristhian Mart\u00ednez, mencion\u00f3 que este proyecto est\u00e1 pensado para beneficiar a m\u00e1s de 100 mil visitantes<\/strong>, adem\u00e1s de que ser\u00e1 una muestra de urbanismo y un proyecto de primer nivel.<\/p>\n\n\n\n<p>Por su parte, el titular de la Unidad de Planeaci\u00f3n y Prospecci\u00f3n del gobierno del Estado de Hidalgo, Miguel Tello se\u00f1al\u00f3 que el rescate de espacios p\u00fablicos dentro de las ciudades como Tula son una inversi\u00f3n necesaria para rescatar el tejido social, destac\u00f3 lo importante que fue el realizar consulta p\u00fablica para llevar a cabo dicha obra.<\/p>\n\n\n\n<p>Este proyecto nace a partir de una consulta p\u00fablica realizada al inicio de esta administraci\u00f3n, en la que la ciudadan\u00eda particip\u00f3 activamente a trav\u00e9s de un censo de necesidades de infraestructura y acciones para la configuraci\u00f3n del Plan Municipal de Desarrollo 2024-2027.<\/p>\n\n\n\n<p><strong>Parque Quetzalc\u00f3atl, estar\u00e1 compuesto por dos zonas de juegos infantiles, un \u00e1rea de trabajo y conectividad, adem\u00e1s incluir\u00e1 entre su infraestructura esculturas de Quetzalc\u00f3atl,<\/strong> tambi\u00e9n habr\u00e1 una zona interactiva y \u00e1rea de sanitarios.<\/p>\n\n\n\n<p>Dentro de este proyecto, se contemplan \u00e1reas verdes, colocaci\u00f3n de bancas para descanso y un total de 71 luminarias colocadas en diferentes lugares del parque.<\/p>\n\n\n\n<p>Las peticiones y propuestas de las y los tulenses fueron fundamentales para definir este espacio como un s\u00edmbolo del patrimonio cultural y social del municipio.<\/p>\n\n\n\n<p><strong>El Gobierno Municipal de Tula de Allende reafirma su compromiso de impulsar acciones que fomenten el bienestar, la cultura y la identidad de la sociedad tulense.<\/strong><\/p>\n","protected":false},"excerpt":{"rendered":"<p>El Gobierno Municipal de Tula de Allende que encabeza el presidente Cristhian Mart\u00ednez, dio inicio de manera oficial de los trabajos de construcci\u00f3n del nuevo \u201cParque Quetzalc\u00f3atl\u201d, un proyecto que&hellip; <\/p>\n","protected":false},"author":17,"featured_media":20847,"comment_status":"closed","ping_status":"closed","sticky":false,"template":"","format":"standard","meta":{"two_page_speed":[],"_joinchat":[],"footnotes":""},"categories":[2789,2658,2804],"tags":[878,89,2834],"class_list":["post-20846","post","type-post","status-publish","format-standard","has-post-thumbnail","hentry","category-arte-y-cultura","category-economia","category-medio-ambiente","tag-cultura","tag-hidalgo","tag-tula-de-allende"],"_links":{"self":[{"href":"https:\/\/revistaacropolis.com\/index.php\/wp-json\/wp\/v2\/posts\/20846","targetHints":{"allow":["GET"]}}],"collection":[{"href":"https:\/\/revistaacropolis.com\/index.php\/wp-json\/wp\/v2\/posts"}],"about":[{"href":"https:\/\/revistaacropolis.com\/index.php\/wp-json\/wp\/v2\/types\/post"}],"author":[{"embeddable":true,"href":"https:\/\/revistaacropolis.com\/index.php\/wp-json\/wp\/v2\/users\/17"}],"replies":[{"embeddable":true,"href":"https:\/\/revistaacropolis.com\/index.php\/wp-json\/wp\/v2\/comments?post=20846"}],"version-history":[{"count":1,"href":"https:\/\/revistaacropolis.com\/index.php\/wp-json\/wp\/v2\/posts\/20846\/revisions"}],"predecessor-version":[{"id":20848,"href":"https:\/\/revistaacropolis.com\/index.php\/wp-json\/wp\/v2\/posts\/20846\/revisions\/20848"}],"wp:featuredmedia":[{"embeddable":true,"href":"https:\/\/revistaacropolis.com\/index.php\/wp-json\/wp\/v2\/media\/20847"}],"wp:attachment":[{"href":"https:\/\/revistaacropolis.com\/index.php\/wp-json\/wp\/v2\/media?parent=20846"}],"wp:term":[{"taxonomy":"category","embeddable":true,"href":"https:\/\/revistaacropolis.com\/index.php\/wp-json\/wp\/v2\/categories?post=20846"},{"taxonomy":"post_tag","embeddable":true,"href":"https:\/\/revistaacropolis.com\/index.php\/wp-json\/wp\/v2\/tags?post=20846"}],"curies":[{"name":"wp","href":"https:\/\/api.w.org\/{rel}","templated":true}]}}