{"id":20915,"date":"2025-07-21T17:59:01","date_gmt":"2025-07-21T23:59:01","guid":{"rendered":"https:\/\/revistaacropolis.com\/?p=20915"},"modified":"2025-07-21T17:59:14","modified_gmt":"2025-07-21T23:59:14","slug":"gobierno-municipal-de-jacala-realiza-curso-de-verano","status":"publish","type":"post","link":"https:\/\/revistaacropolis.com\/index.php\/gobierno-municipal-de-jacala-realiza-curso-de-verano\/social\/","title":{"rendered":"Gobierno municipal de Jacala realiza curso de verano"},"content":{"rendered":"\n<p><\/p>\n\n\n\n<p>Con el compromiso de seguir impulsando espacios seguros, creativos y formativos para ni\u00f1as, ni\u00f1os y j\u00f3venes, <strong>la presidenta municipal Kendra Mart\u00ednez S\u00e1nchez invit\u00f3 a las familias del municipio de Jacala de Ledezma a inscribir a sus hijos al Curso de Verano 2025 organizado por la Casa de Cultura.<\/strong><\/p>\n\n\n\n<p>Este curso ofrece actividades recreativas como <strong>pintura, danza y creaci\u00f3n de m\u00e1scaras tradicionales, fomentando el aprendizaje, el juego y la convivencia en un ambiente alegre y enriquecedor.<\/strong><\/p>\n\n\n\n<p>Estas vacaciones son la oportunidad perfecta para que nuestras los infantes aprendan, se diviertan y desarrollen su creatividad.<\/p>\n\n\n\n<p><strong>El curso est\u00e1 dirigido a ni\u00f1os y adolescentes entre 4 y 17 a\u00f1os de edad.<\/strong><\/p>\n\n\n\n<p>Las inscripciones comenzaron este domingo 20 de julio y las actividades comenzaron este lunes <strong>21 de julio, en un horario de lunes a viernes de 9:00 a 13:00 horas.<\/strong><\/p>\n\n\n\n<p>Se impartir\u00e1 en la Casa de la Cultura Comunitaria, ubicada en Pino Su\u00e1rez, barrio San Isidro.<\/p>\n\n\n\n<p>Para m\u00e1s informes comunicarse al n\u00famero de tel\u00e9fono <strong>7712619494<\/strong>.<\/p>\n","protected":false},"excerpt":{"rendered":"<p>Con el compromiso de seguir impulsando espacios seguros, creativos y formativos para ni\u00f1as, ni\u00f1os y j\u00f3venes, la presidenta municipal Kendra Mart\u00ednez S\u00e1nchez invit\u00f3 a las familias del municipio de Jacala&hellip; <\/p>\n","protected":false},"author":17,"featured_media":20916,"comment_status":"closed","ping_status":"closed","sticky":false,"template":"","format":"standard","meta":{"two_page_speed":[],"_joinchat":[],"footnotes":""},"categories":[2813],"tags":[1329,2913,89,1328],"class_list":["post-20915","post","type-post","status-publish","format-standard","has-post-thumbnail","hentry","category-social","tag-adolescentes","tag-curso-de-verano","tag-hidalgo","tag-ninos"],"_links":{"self":[{"href":"https:\/\/revistaacropolis.com\/index.php\/wp-json\/wp\/v2\/posts\/20915","targetHints":{"allow":["GET"]}}],"collection":[{"href":"https:\/\/revistaacropolis.com\/index.php\/wp-json\/wp\/v2\/posts"}],"about":[{"href":"https:\/\/revistaacropolis.com\/index.php\/wp-json\/wp\/v2\/types\/post"}],"author":[{"embeddable":true,"href":"https:\/\/revistaacropolis.com\/index.php\/wp-json\/wp\/v2\/users\/17"}],"replies":[{"embeddable":true,"href":"https:\/\/revistaacropolis.com\/index.php\/wp-json\/wp\/v2\/comments?post=20915"}],"version-history":[{"count":1,"href":"https:\/\/revistaacropolis.com\/index.php\/wp-json\/wp\/v2\/posts\/20915\/revisions"}],"predecessor-version":[{"id":20917,"href":"https:\/\/revistaacropolis.com\/index.php\/wp-json\/wp\/v2\/posts\/20915\/revisions\/20917"}],"wp:featuredmedia":[{"embeddable":true,"href":"https:\/\/revistaacropolis.com\/index.php\/wp-json\/wp\/v2\/media\/20916"}],"wp:attachment":[{"href":"https:\/\/revistaacropolis.com\/index.php\/wp-json\/wp\/v2\/media?parent=20915"}],"wp:term":[{"taxonomy":"category","embeddable":true,"href":"https:\/\/revistaacropolis.com\/index.php\/wp-json\/wp\/v2\/categories?post=20915"},{"taxonomy":"post_tag","embeddable":true,"href":"https:\/\/revistaacropolis.com\/index.php\/wp-json\/wp\/v2\/tags?post=20915"}],"curies":[{"name":"wp","href":"https:\/\/api.w.org\/{rel}","templated":true}]}}