{"id":20920,"date":"2025-07-21T18:25:08","date_gmt":"2025-07-22T00:25:08","guid":{"rendered":"https:\/\/revistaacropolis.com\/?p=20920"},"modified":"2025-07-21T18:25:10","modified_gmt":"2025-07-22T00:25:10","slug":"se-realiza-la-vigesima-primera-sesion-ordinaria-de-cabildo-con-importantes-avances-en-proteccion-ambiental-y-servicios-publicos","status":"publish","type":"post","link":"https:\/\/revistaacropolis.com\/index.php\/se-realiza-la-vigesima-primera-sesion-ordinaria-de-cabildo-con-importantes-avances-en-proteccion-ambiental-y-servicios-publicos\/politica\/","title":{"rendered":"Se realiza la vig\u00e9sima primera Sesi\u00f3n Ordinaria de Cabildo con importantes avances en protecci\u00f3n ambiental y servicios p\u00fablicos"},"content":{"rendered":"\n<p>En la reciente sesi\u00f3n ordinaria del Cabildo de Tula de Allende, celebrada este 21 de julio, se abordaron diversos temas de relevancia para el desarrollo sustentable y el bienestar municipal. <strong>Entre los puntos destacados se encuentra la aprobaci\u00f3n de iniciativas en materia de protecci\u00f3n ambiental, gesti\u00f3n de recursos y servicios p\u00fablicos.<\/strong><\/p>\n\n\n\n<ul class=\"wp-block-list\">\n<li><strong>Aprobaci\u00f3n del Proyecto del Programa Municipal para la Protecci\u00f3n Ambiental<\/strong><br>Por primera vez en la historia de nuestro municipio, s<strong>e aprob\u00f3 un plan integral de protecci\u00f3n ambiental que contempla acciones en aire, agua, tierra, manejo de residuos s\u00f3lidos, reforestaci\u00f3n, retiro de heno motita, adaptaci\u00f3n al cambio clim\u00e1tico y estrategias para combatir la plaga del picudo negro.<\/strong> La directora de Medio Ambiente, Elizabeth P\u00e9rez Vargas, <strong>destac\u00f3 que este programa tiene como visi\u00f3n hacia el 2037 la restauraci\u00f3n de la zona ecol\u00f3gica, <\/strong>mediante un decreto que contempla una duraci\u00f3n de 12 a\u00f1os y que ser\u00e1 un programa permanente durante esta administraci\u00f3n.<\/li>\n<\/ul>\n\n\n\n<p>Este plan estrat\u00e9gico, se trabajar\u00e1 en coordinaci\u00f3n con el proyecto federal de restauraci\u00f3n ecol\u00f3gica garantizando una participaci\u00f3n responsable de toda la ciudadan\u00eda para asegurar la sustentabilidad ambiental del municipio.<\/p>\n\n\n\n<ul class=\"wp-block-list\">\n<li><strong>Gesti\u00f3n de un nuevo pante\u00f3n en San Miguel de las Piedras<\/strong><br>En otro punto de la sesi\u00f3n,<strong> se aprob\u00f3 la gesti\u00f3n y constituci\u00f3n de un nuevo pante\u00f3n municipal en la comunidad de San Miguel de las Piedras, iniciativa solicitada desde el 6 de noviembre del a\u00f1o 2024 por los vecinos<\/strong>. El predio, que <strong>cuenta con m\u00e1s de 12 mil metros cuadrados, ha sido evaluado y cumple con todos los requisitos legales y t\u00e9cnicos necesarios para su construcci\u00f3n. <\/strong>La planificaci\u00f3n presupuestaria est\u00e1 en marcha para la adquisici\u00f3n del terreno, siendo un paso importante para atender una necesidad que no se atend\u00eda desde hace m\u00e1s de 60 a\u00f1os, puntos que continuar\u00e1n analiz\u00e1ndose en mesas de trabajo de la comisi\u00f3n correspondiente.<\/li>\n<\/ul>\n\n\n\n<p><\/p>\n\n\n\n<ul class=\"wp-block-list\">\n<li><strong>Actualizaci\u00f3n del Atlas de Riesgo<\/strong><br>Asimismo, se inform\u00f3 que el Atlas de Riesgo de Tula de Allende fue actualizado en el a\u00f1o 2023<strong>. El documento ser\u00e1 enviado a las comisiones correspondientes, espec\u00edficamente a la de Protecci\u00f3n Civil y a la Comisi\u00f3n Especial del r\u00edo Tula evitar su desbordamiento y contaminaci\u00f3n para su revisi\u00f3n y actualizaci\u00f3n continua, <\/strong>fortaleciendo as\u00ed las acciones de prevenci\u00f3n y gesti\u00f3n de riesgos en nuestro municipio.<\/li>\n<\/ul>\n","protected":false},"excerpt":{"rendered":"<p>En la reciente sesi\u00f3n ordinaria del Cabildo de Tula de Allende, celebrada este 21 de julio, se abordaron diversos temas de relevancia para el desarrollo sustentable y el bienestar municipal.&hellip; <\/p>\n","protected":false},"author":17,"featured_media":20921,"comment_status":"closed","ping_status":"closed","sticky":false,"template":"","format":"standard","meta":{"two_page_speed":[],"_joinchat":[],"footnotes":""},"categories":[1],"tags":[89,3062,2834],"class_list":["post-20920","post","type-post","status-publish","format-standard","has-post-thumbnail","hentry","category-politica","tag-hidalgo","tag-sesion-ordinaria","tag-tula-de-allende"],"_links":{"self":[{"href":"https:\/\/revistaacropolis.com\/index.php\/wp-json\/wp\/v2\/posts\/20920","targetHints":{"allow":["GET"]}}],"collection":[{"href":"https:\/\/revistaacropolis.com\/index.php\/wp-json\/wp\/v2\/posts"}],"about":[{"href":"https:\/\/revistaacropolis.com\/index.php\/wp-json\/wp\/v2\/types\/post"}],"author":[{"embeddable":true,"href":"https:\/\/revistaacropolis.com\/index.php\/wp-json\/wp\/v2\/users\/17"}],"replies":[{"embeddable":true,"href":"https:\/\/revistaacropolis.com\/index.php\/wp-json\/wp\/v2\/comments?post=20920"}],"version-history":[{"count":1,"href":"https:\/\/revistaacropolis.com\/index.php\/wp-json\/wp\/v2\/posts\/20920\/revisions"}],"predecessor-version":[{"id":20922,"href":"https:\/\/revistaacropolis.com\/index.php\/wp-json\/wp\/v2\/posts\/20920\/revisions\/20922"}],"wp:featuredmedia":[{"embeddable":true,"href":"https:\/\/revistaacropolis.com\/index.php\/wp-json\/wp\/v2\/media\/20921"}],"wp:attachment":[{"href":"https:\/\/revistaacropolis.com\/index.php\/wp-json\/wp\/v2\/media?parent=20920"}],"wp:term":[{"taxonomy":"category","embeddable":true,"href":"https:\/\/revistaacropolis.com\/index.php\/wp-json\/wp\/v2\/categories?post=20920"},{"taxonomy":"post_tag","embeddable":true,"href":"https:\/\/revistaacropolis.com\/index.php\/wp-json\/wp\/v2\/tags?post=20920"}],"curies":[{"name":"wp","href":"https:\/\/api.w.org\/{rel}","templated":true}]}}