{"id":20923,"date":"2025-07-21T19:33:02","date_gmt":"2025-07-22T01:33:02","guid":{"rendered":"https:\/\/revistaacropolis.com\/?p=20923"},"modified":"2025-07-21T19:33:13","modified_gmt":"2025-07-22T01:33:13","slug":"cristhian-martinez-inaugura-las-nuevas-instalaciones-de-salud-de-tula-de-allende","status":"publish","type":"post","link":"https:\/\/revistaacropolis.com\/index.php\/cristhian-martinez-inaugura-las-nuevas-instalaciones-de-salud-de-tula-de-allende\/politica\/","title":{"rendered":"Cristhian Mart\u00ednez inaugura las nuevas instalaciones de salud de Tula de Allende"},"content":{"rendered":"\n<p>En un acto que refleja el compromiso del gobierno municipal con el bienestar y la salud de las y los tulenses que laboran en la administraci\u00f3n municipal, as\u00ed como de sus familiares directos, <strong>hoy se llev\u00f3 a cabo la inauguraci\u00f3n de la nueva infraestructura de esta dependencia con la participaci\u00f3n activa del presidente municipal, Cristhian Mart\u00ednez.<\/strong><\/p>\n\n\n\n<p>Este importante evento marca un avance significativo en la mejora de las condiciones del espacio f\u00edsico destinado a la atenci\u00f3n sanitaria en nuestro municipio. Durante la ceremonia, el presidente, <strong>Cristhian Mart\u00ednez, destac\u00f3 la relevancia de este logro, se\u00f1alando que \u201ceste acto es muy significativo, ya que aunque a\u00fan hay mucho por avanzar, seguimos trabajando con entusiasmo y dedicaci\u00f3n para mejorar la calidad de vida de las y los tulenses\u201d.<\/strong><\/p>\n\n\n\n<p>El proyecto surgi\u00f3 a partir del sentir del personal de salud, quienes solicitaban un espacio digno para desempe\u00f1ar sus funciones, ya que las instalaciones anteriores se encontraban en condiciones precarias. <strong>\u201cHoy, esta nueva infraestructura dignifica la situaci\u00f3n laboral y representa un gran paso para esta administraci\u00f3n y para toda la ciudadan\u00eda\u201d<\/strong>, expres\u00f3 el edil.<\/p>\n\n\n\n<p>Asimismo, la secretaria de salud, Vanessa Escalante, subray\u00f3 que con esta inversi\u00f3n se garantizar\u00e1 el suministro de medicamentos y se fortalecer\u00e1n las acciones de medicina preventiva, a fin de brindar una atenci\u00f3n integral y de calidad a la sociedad.<\/p>\n\n\n\n<p><strong>La infraestructura ahora cuenta con \u00e1reas especializadas, incluyendo nutrici\u00f3n, dos consultorios de medicina general, unidad dental, \u00e1rea administrativa y enfermer\u00eda.<\/strong><\/p>\n\n\n\n<p>Gracias a estos avances, se estima que aproximadamente <strong>1,130 pacientes contin\u00faen recibiendo atenci\u00f3n m\u00e9dica de manera mensual, beneficiando a toda la poblaci\u00f3n con servicios de calidad.<\/strong><\/p>\n\n\n\n<p><strong>La inversi\u00f3n total en este proyecto fue de 480 mil 383 pesos<\/strong>, provenientes del recurso municipal, demostrando el compromiso del gobierno local por mejorar la infraestructura en materia de salud.<\/p>\n\n\n\n<p>El presidente municipal, Cristhian Mart\u00ednez, concluy\u00f3 reiterando que <strong>\u201cel trabajo que se ha realizado en materia de infraestructura de salud es algo que no se ve\u00eda en mucho tiempo en nuestro municipio. Esto es un paso firme hacia una mejor atenci\u00f3n y un mayor bienestar para todas y todos los tulenses\u201d<\/strong><\/p>\n","protected":false},"excerpt":{"rendered":"<p>En un acto que refleja el compromiso del gobierno municipal con el bienestar y la salud de las y los tulenses que laboran en la administraci\u00f3n municipal, as\u00ed como de&hellip; <\/p>\n","protected":false},"author":17,"featured_media":20924,"comment_status":"closed","ping_status":"closed","sticky":false,"template":"","format":"standard","meta":{"two_page_speed":[],"_joinchat":[],"footnotes":""},"categories":[1],"tags":[2835,89,375,2834],"class_list":["post-20923","post","type-post","status-publish","format-standard","has-post-thumbnail","hentry","category-politica","tag-cristhian-martinez","tag-hidalgo","tag-hospital","tag-tula-de-allende"],"_links":{"self":[{"href":"https:\/\/revistaacropolis.com\/index.php\/wp-json\/wp\/v2\/posts\/20923","targetHints":{"allow":["GET"]}}],"collection":[{"href":"https:\/\/revistaacropolis.com\/index.php\/wp-json\/wp\/v2\/posts"}],"about":[{"href":"https:\/\/revistaacropolis.com\/index.php\/wp-json\/wp\/v2\/types\/post"}],"author":[{"embeddable":true,"href":"https:\/\/revistaacropolis.com\/index.php\/wp-json\/wp\/v2\/users\/17"}],"replies":[{"embeddable":true,"href":"https:\/\/revistaacropolis.com\/index.php\/wp-json\/wp\/v2\/comments?post=20923"}],"version-history":[{"count":1,"href":"https:\/\/revistaacropolis.com\/index.php\/wp-json\/wp\/v2\/posts\/20923\/revisions"}],"predecessor-version":[{"id":20925,"href":"https:\/\/revistaacropolis.com\/index.php\/wp-json\/wp\/v2\/posts\/20923\/revisions\/20925"}],"wp:featuredmedia":[{"embeddable":true,"href":"https:\/\/revistaacropolis.com\/index.php\/wp-json\/wp\/v2\/media\/20924"}],"wp:attachment":[{"href":"https:\/\/revistaacropolis.com\/index.php\/wp-json\/wp\/v2\/media?parent=20923"}],"wp:term":[{"taxonomy":"category","embeddable":true,"href":"https:\/\/revistaacropolis.com\/index.php\/wp-json\/wp\/v2\/categories?post=20923"},{"taxonomy":"post_tag","embeddable":true,"href":"https:\/\/revistaacropolis.com\/index.php\/wp-json\/wp\/v2\/tags?post=20923"}],"curies":[{"name":"wp","href":"https:\/\/api.w.org\/{rel}","templated":true}]}}