{"id":20954,"date":"2025-07-23T15:37:02","date_gmt":"2025-07-23T21:37:02","guid":{"rendered":"https:\/\/revistaacropolis.com\/?p=20954"},"modified":"2025-07-23T15:37:04","modified_gmt":"2025-07-23T21:37:04","slug":"abren-escuelita-de-futbol-de-verano-en-jacala","status":"publish","type":"post","link":"https:\/\/revistaacropolis.com\/index.php\/abren-escuelita-de-futbol-de-verano-en-jacala\/social\/","title":{"rendered":"Abren Escuelita de F\u00fatbol de Verano en Jacala"},"content":{"rendered":"\n<p><\/p>\n\n\n\n<p>El Gobierno Municipal de Jacala, que encabeza la presidenta Maestra Kendra Mart\u00ednez S\u00e1nchez, abri\u00f3 una&nbsp;<strong>escuelita de f\u00fatbol de verano<\/strong>.<\/p>\n\n\n\n<p>En coordinaci\u00f3n con COMUDE, el ayuntamiento invit\u00f3 a todas las ni\u00f1as, ni\u00f1os y adolescentes a ser parte del&nbsp;<strong>Curso de Verano de F\u00fatbol Soccer<\/strong>.<\/p>\n\n\n\n<p>\u201cVen a jugar, aprender, moverte y disfrutar unas vacaciones haciendo deporte. \u00a1Te esperamos con toda la energ\u00eda!\u201d, externaron.<\/p>\n\n\n\n<h2 class=\"wp-block-heading\">Las actividades comenzar\u00e1n el pr\u00f3ximo&nbsp;<strong>lunes 28 de julio<\/strong>, en la cancha de f\u00fatbol deportivo campamento, a las 5:00 de la tarde. Las inscripciones est\u00e1n abiertas.<\/h2>\n","protected":false},"excerpt":{"rendered":"<p>El Gobierno Municipal de Jacala, que encabeza la presidenta Maestra Kendra Mart\u00ednez S\u00e1nchez, abri\u00f3 una&nbsp;escuelita de f\u00fatbol de verano. En coordinaci\u00f3n con COMUDE, el ayuntamiento invit\u00f3 a todas las ni\u00f1as,&hellip; <\/p>\n","protected":false},"author":17,"featured_media":20955,"comment_status":"closed","ping_status":"closed","sticky":false,"template":"","format":"standard","meta":{"two_page_speed":[],"_joinchat":[],"footnotes":""},"categories":[2813],"tags":[89,1069,3076],"class_list":["post-20954","post","type-post","status-publish","format-standard","has-post-thumbnail","hentry","category-social","tag-hidalgo","tag-jacala","tag-verano"],"_links":{"self":[{"href":"https:\/\/revistaacropolis.com\/index.php\/wp-json\/wp\/v2\/posts\/20954","targetHints":{"allow":["GET"]}}],"collection":[{"href":"https:\/\/revistaacropolis.com\/index.php\/wp-json\/wp\/v2\/posts"}],"about":[{"href":"https:\/\/revistaacropolis.com\/index.php\/wp-json\/wp\/v2\/types\/post"}],"author":[{"embeddable":true,"href":"https:\/\/revistaacropolis.com\/index.php\/wp-json\/wp\/v2\/users\/17"}],"replies":[{"embeddable":true,"href":"https:\/\/revistaacropolis.com\/index.php\/wp-json\/wp\/v2\/comments?post=20954"}],"version-history":[{"count":1,"href":"https:\/\/revistaacropolis.com\/index.php\/wp-json\/wp\/v2\/posts\/20954\/revisions"}],"predecessor-version":[{"id":20956,"href":"https:\/\/revistaacropolis.com\/index.php\/wp-json\/wp\/v2\/posts\/20954\/revisions\/20956"}],"wp:featuredmedia":[{"embeddable":true,"href":"https:\/\/revistaacropolis.com\/index.php\/wp-json\/wp\/v2\/media\/20955"}],"wp:attachment":[{"href":"https:\/\/revistaacropolis.com\/index.php\/wp-json\/wp\/v2\/media?parent=20954"}],"wp:term":[{"taxonomy":"category","embeddable":true,"href":"https:\/\/revistaacropolis.com\/index.php\/wp-json\/wp\/v2\/categories?post=20954"},{"taxonomy":"post_tag","embeddable":true,"href":"https:\/\/revistaacropolis.com\/index.php\/wp-json\/wp\/v2\/tags?post=20954"}],"curies":[{"name":"wp","href":"https:\/\/api.w.org\/{rel}","templated":true}]}}