{"id":20971,"date":"2025-07-25T09:43:12","date_gmt":"2025-07-25T15:43:12","guid":{"rendered":"https:\/\/revistaacropolis.com\/?p=20971"},"modified":"2025-07-25T09:43:14","modified_gmt":"2025-07-25T15:43:14","slug":"ceah-reune-a-autoridades-y-empresarios-para-fortalecer-la-economia-del-altiplano","status":"publish","type":"post","link":"https:\/\/revistaacropolis.com\/index.php\/ceah-reune-a-autoridades-y-empresarios-para-fortalecer-la-economia-del-altiplano\/reportajes_especiales\/","title":{"rendered":"CEAH re\u00fane a autoridades y empresarios para fortalecer la econom\u00eda del Altiplano"},"content":{"rendered":"\n<p>Integrantes del <strong>Consejo Empresarial del Altiplano de Hidalgo (CEAH)<\/strong> sostuvieron un encuentro con autoridades del gobierno estatal y municipales de la regi\u00f3n, <strong>con el objetivo de hacer sinergia y fortalecer la econom\u00eda de la zona<\/strong>.<\/p>\n\n\n\n<p>Tanto las autoridades como los empresarios <strong>expusieron sus puntos de vista respecto al comportamiento econ\u00f3mico de la regi\u00f3n y las necesidades<\/strong>, as\u00ed como los programas y acciones de gobierno para impulsar el desarrollo, <strong>como son \u00abTransformando la Juventud\u00bb, \u00abTu Experiencia Transforma\u00bb, y el apoyo para la constituci\u00f3n de sociedades mercantiles<\/strong>, entre otros.<\/p>\n\n\n\n<p><strong>Sa\u00fal Monta\u00f1o Jarillo, presidente del CEAH, reconoci\u00f3 la importancia del trabajo en conjunto entre empresarios y autoridades<\/strong> de gobierno para <strong>potencializar la econom\u00eda del Altiplano<\/strong>.<\/p>\n\n\n\n<p>Al evento asistieron:<\/p>\n\n\n\n<ul class=\"wp-block-list\">\n<li><strong>Alejandro S\u00e1nchez Ram\u00edrez<\/strong>, presidente del Consejo Coordinador Empresarial de Hidalgo (CEEH)<\/li>\n\n\n\n<li><strong>\u00d3scar Javier Gonz\u00e1lez Hern\u00e1ndez<\/strong>, secretario de Trabajo y Previsi\u00f3n Social<\/li>\n\n\n\n<li><strong>Horacio R\u00edos Cano<\/strong>, subsecretario de Desarrollo Econ\u00f3mico<\/li>\n\n\n\n<li><strong>Abril Mart\u00ednez Portillo<\/strong>, presidenta municipal de Tlanalapa<\/li>\n\n\n\n<li><strong>Zorayda Robles Barrera<\/strong>, presidenta municipal de Apan<\/li>\n<\/ul>\n\n\n\n<p>El evento fue encabezado por <strong>Sa\u00fal Monta\u00f1o Jarillo, presidente del CEAH<\/strong>, acompa\u00f1ado de su equipo:<\/p>\n\n\n\n<ul class=\"wp-block-list\">\n<li><strong>Eduardo Soto<\/strong>, Vicepresidente<\/li>\n\n\n\n<li><strong>Ariadna N\u00e1jera<\/strong>, Secretaria General<\/li>\n\n\n\n<li><strong>George Guti\u00e9rrez<\/strong>, Tesorero<\/li>\n\n\n\n<li><strong>\u00d3scar S\u00e1mano<\/strong>, Direcci\u00f3n de RSE y Bienestar Regional<\/li>\n\n\n\n<li><strong>Alejandro T\u00e9llez<\/strong>, director de Relaciones Corporativas y Expansi\u00f3n Comercial<\/li>\n\n\n\n<li><strong>Jennifer Escorcia<\/strong>, directora de Relaciones P\u00fablicas y Difusi\u00f3n Empresarial<\/li>\n\n\n\n<li><strong>Lizbeth Aoky<\/strong>, directora de Capacitaci\u00f3n y Vinculaci\u00f3n Acad\u00e9mica<\/li>\n\n\n\n<li><strong>\u00d3scar Vera Lozada<\/strong>, director de Fondos y Desarrollo de Proyectos<\/li>\n\n\n\n<li><strong>Susana Encarnaci\u00f3n Cort\u00e9s<\/strong>, Asesora Jur\u00eddica<\/li>\n\n\n\n<li><strong>Francisco Monta\u00f1o<\/strong>, asistente T\u00e9cnico de Presidencia y Vicepresidencia<\/li>\n<\/ul>\n","protected":false},"excerpt":{"rendered":"<p>Integrantes del Consejo Empresarial del Altiplano de Hidalgo (CEAH) sostuvieron un encuentro con autoridades del gobierno estatal y municipales de la regi\u00f3n, con el objetivo de hacer sinergia y fortalecer&hellip; <\/p>\n","protected":false},"author":17,"featured_media":20972,"comment_status":"closed","ping_status":"closed","sticky":false,"template":"","format":"standard","meta":{"two_page_speed":[],"_joinchat":[],"footnotes":""},"categories":[54],"tags":[3085,3084,3043,3086,89,91],"class_list":["post-20971","post","type-post","status-publish","format-standard","has-post-thumbnail","hentry","category-reportajes_especiales","tag-altiplano","tag-ceah","tag-economia-2","tag-empresarios","tag-hidalgo","tag-pachuca"],"_links":{"self":[{"href":"https:\/\/revistaacropolis.com\/index.php\/wp-json\/wp\/v2\/posts\/20971","targetHints":{"allow":["GET"]}}],"collection":[{"href":"https:\/\/revistaacropolis.com\/index.php\/wp-json\/wp\/v2\/posts"}],"about":[{"href":"https:\/\/revistaacropolis.com\/index.php\/wp-json\/wp\/v2\/types\/post"}],"author":[{"embeddable":true,"href":"https:\/\/revistaacropolis.com\/index.php\/wp-json\/wp\/v2\/users\/17"}],"replies":[{"embeddable":true,"href":"https:\/\/revistaacropolis.com\/index.php\/wp-json\/wp\/v2\/comments?post=20971"}],"version-history":[{"count":1,"href":"https:\/\/revistaacropolis.com\/index.php\/wp-json\/wp\/v2\/posts\/20971\/revisions"}],"predecessor-version":[{"id":20973,"href":"https:\/\/revistaacropolis.com\/index.php\/wp-json\/wp\/v2\/posts\/20971\/revisions\/20973"}],"wp:featuredmedia":[{"embeddable":true,"href":"https:\/\/revistaacropolis.com\/index.php\/wp-json\/wp\/v2\/media\/20972"}],"wp:attachment":[{"href":"https:\/\/revistaacropolis.com\/index.php\/wp-json\/wp\/v2\/media?parent=20971"}],"wp:term":[{"taxonomy":"category","embeddable":true,"href":"https:\/\/revistaacropolis.com\/index.php\/wp-json\/wp\/v2\/categories?post=20971"},{"taxonomy":"post_tag","embeddable":true,"href":"https:\/\/revistaacropolis.com\/index.php\/wp-json\/wp\/v2\/tags?post=20971"}],"curies":[{"name":"wp","href":"https:\/\/api.w.org\/{rel}","templated":true}]}}