{"id":21000,"date":"2025-07-29T11:27:30","date_gmt":"2025-07-29T17:27:30","guid":{"rendered":"https:\/\/revistaacropolis.com\/?p=21000"},"modified":"2025-07-29T11:27:32","modified_gmt":"2025-07-29T17:27:32","slug":"inicia-obra-de-drenaje-sanitario-en-santa-maria-magdalena-de-la-mano-del-pueblo","status":"publish","type":"post","link":"https:\/\/revistaacropolis.com\/index.php\/inicia-obra-de-drenaje-sanitario-en-santa-maria-magdalena-de-la-mano-del-pueblo\/politica\/","title":{"rendered":"Inicia obra de drenaje sanitario en Santa Mar\u00eda Magdalena, de la mano del pueblo"},"content":{"rendered":"\n<p>Tepeji del R\u00edo, Hgo., julio 28 de 2025<\/p>\n\n\n\n<p>Con el firme compromiso de mejorar la calidad de vida de las familias tepejanas, la presidenta municipal Tania Valdez Cuellar <strong>dio el banderazo de inicio a la construcci\u00f3n del drenaje sanitario en la Avenida El Sabino, en la comunidad de Santa Mar\u00eda Magdalena.<\/strong><\/p>\n\n\n\n<p>Esta obra es resultado del trabajo coordinado entre el Gobierno Municipal y la ciudadan\u00eda, donde el municipio aport\u00f3 tuber\u00eda corrugada de polietileno de alta densidad de 18 pulgadas, mientras que la comunidad se encargar\u00e1 de la mano de obra, reafirmando as\u00ed el modelo de colaboraci\u00f3n que impulsa esta administraci\u00f3n.<\/p>\n\n\n\n<p>Con una meta de 272 metros lineales, <strong>esta acci\u00f3n representa un paso firme hacia la dignificaci\u00f3n de los servicios b\u00e1sicos, posicionando a Tepeji como un municipio que avanza con responsabilidad<\/strong> y trabaja de la mano del pueblo para transformar su realidad.<\/p>\n","protected":false},"excerpt":{"rendered":"<p>Tepeji del R\u00edo, Hgo., julio 28 de 2025 Con el firme compromiso de mejorar la calidad de vida de las familias tepejanas, la presidenta municipal Tania Valdez Cuellar dio el&hellip; <\/p>\n","protected":false},"author":17,"featured_media":21001,"comment_status":"closed","ping_status":"closed","sticky":false,"template":"","format":"standard","meta":{"two_page_speed":[],"_joinchat":[],"footnotes":""},"categories":[1],"tags":[89,3099,3096],"class_list":["post-21000","post","type-post","status-publish","format-standard","has-post-thumbnail","hentry","category-politica","tag-hidalgo","tag-tania","tag-tepeji-del-rio-2"],"_links":{"self":[{"href":"https:\/\/revistaacropolis.com\/index.php\/wp-json\/wp\/v2\/posts\/21000","targetHints":{"allow":["GET"]}}],"collection":[{"href":"https:\/\/revistaacropolis.com\/index.php\/wp-json\/wp\/v2\/posts"}],"about":[{"href":"https:\/\/revistaacropolis.com\/index.php\/wp-json\/wp\/v2\/types\/post"}],"author":[{"embeddable":true,"href":"https:\/\/revistaacropolis.com\/index.php\/wp-json\/wp\/v2\/users\/17"}],"replies":[{"embeddable":true,"href":"https:\/\/revistaacropolis.com\/index.php\/wp-json\/wp\/v2\/comments?post=21000"}],"version-history":[{"count":1,"href":"https:\/\/revistaacropolis.com\/index.php\/wp-json\/wp\/v2\/posts\/21000\/revisions"}],"predecessor-version":[{"id":21002,"href":"https:\/\/revistaacropolis.com\/index.php\/wp-json\/wp\/v2\/posts\/21000\/revisions\/21002"}],"wp:featuredmedia":[{"embeddable":true,"href":"https:\/\/revistaacropolis.com\/index.php\/wp-json\/wp\/v2\/media\/21001"}],"wp:attachment":[{"href":"https:\/\/revistaacropolis.com\/index.php\/wp-json\/wp\/v2\/media?parent=21000"}],"wp:term":[{"taxonomy":"category","embeddable":true,"href":"https:\/\/revistaacropolis.com\/index.php\/wp-json\/wp\/v2\/categories?post=21000"},{"taxonomy":"post_tag","embeddable":true,"href":"https:\/\/revistaacropolis.com\/index.php\/wp-json\/wp\/v2\/tags?post=21000"}],"curies":[{"name":"wp","href":"https:\/\/api.w.org\/{rel}","templated":true}]}}