{"id":21095,"date":"2025-08-08T13:50:33","date_gmt":"2025-08-08T19:50:33","guid":{"rendered":"https:\/\/revistaacropolis.com\/?p=21095"},"modified":"2025-08-08T13:50:35","modified_gmt":"2025-08-08T19:50:35","slug":"alcaldesa-kendra-martinez-inauguro-taller-de-musica-huasteca","status":"publish","type":"post","link":"https:\/\/revistaacropolis.com\/index.php\/alcaldesa-kendra-martinez-inauguro-taller-de-musica-huasteca\/arte-y-cultura\/","title":{"rendered":"Alcaldesa Kendra Mart\u00ednez inaugur\u00f3 taller de m\u00fasica huasteca"},"content":{"rendered":"\n<p>Maestra Kendra Mart\u00ednez S\u00e1nchez, presidenta municipal de <strong>Jacala de Ledezma<\/strong>, inaugur\u00f3 el <strong>Taller de Musica Huasteca.<\/strong><\/p>\n\n\n\n<p>En este espacio de aprendizaje se inscribieron m\u00e1s de <strong>60 ni\u00f1as, ni\u00f1os y jovenes<\/strong>, para aprender y preservar este legado cultural.<\/p>\n\n\n\n<p>Una prioridad del gobierno municipal es enaltecer sus ra\u00edces y la m\u00fasica huasteca es parte viva de su identidad.<\/p>\n\n\n\n<p><strong>En este espacio podr\u00e1n aprender a tocar instrumentos como viol\u00edn, jarana y quinta juapanguera.<\/strong><\/p>\n\n\n\n<p><strong>Este taller ser\u00e1 la base para integrar la primera Orquesta de M\u00fasica Huasteca en Jacala<\/strong>, un proyecto hist\u00f3rico que enaltece nuestras tradiciones y consolida al municipio como referente cultural en el Estado de Hidalgo.<\/p>\n","protected":false},"excerpt":{"rendered":"<p>Maestra Kendra Mart\u00ednez S\u00e1nchez, presidenta municipal de Jacala de Ledezma, inaugur\u00f3 el Taller de Musica Huasteca. En este espacio de aprendizaje se inscribieron m\u00e1s de 60 ni\u00f1as, ni\u00f1os y jovenes,&hellip; <\/p>\n","protected":false},"author":17,"featured_media":21096,"comment_status":"closed","ping_status":"closed","sticky":false,"template":"","format":"standard","meta":{"two_page_speed":[],"_joinchat":[],"footnotes":""},"categories":[2789],"tags":[89,1069,50,3126],"class_list":["post-21095","post","type-post","status-publish","format-standard","has-post-thumbnail","hentry","category-arte-y-cultura","tag-hidalgo","tag-jacala","tag-morena","tag-taller-de-musica"],"_links":{"self":[{"href":"https:\/\/revistaacropolis.com\/index.php\/wp-json\/wp\/v2\/posts\/21095","targetHints":{"allow":["GET"]}}],"collection":[{"href":"https:\/\/revistaacropolis.com\/index.php\/wp-json\/wp\/v2\/posts"}],"about":[{"href":"https:\/\/revistaacropolis.com\/index.php\/wp-json\/wp\/v2\/types\/post"}],"author":[{"embeddable":true,"href":"https:\/\/revistaacropolis.com\/index.php\/wp-json\/wp\/v2\/users\/17"}],"replies":[{"embeddable":true,"href":"https:\/\/revistaacropolis.com\/index.php\/wp-json\/wp\/v2\/comments?post=21095"}],"version-history":[{"count":1,"href":"https:\/\/revistaacropolis.com\/index.php\/wp-json\/wp\/v2\/posts\/21095\/revisions"}],"predecessor-version":[{"id":21097,"href":"https:\/\/revistaacropolis.com\/index.php\/wp-json\/wp\/v2\/posts\/21095\/revisions\/21097"}],"wp:featuredmedia":[{"embeddable":true,"href":"https:\/\/revistaacropolis.com\/index.php\/wp-json\/wp\/v2\/media\/21096"}],"wp:attachment":[{"href":"https:\/\/revistaacropolis.com\/index.php\/wp-json\/wp\/v2\/media?parent=21095"}],"wp:term":[{"taxonomy":"category","embeddable":true,"href":"https:\/\/revistaacropolis.com\/index.php\/wp-json\/wp\/v2\/categories?post=21095"},{"taxonomy":"post_tag","embeddable":true,"href":"https:\/\/revistaacropolis.com\/index.php\/wp-json\/wp\/v2\/tags?post=21095"}],"curies":[{"name":"wp","href":"https:\/\/api.w.org\/{rel}","templated":true}]}}