{"id":21111,"date":"2025-08-13T09:29:28","date_gmt":"2025-08-13T15:29:28","guid":{"rendered":"https:\/\/revistaacropolis.com\/?p=21111"},"modified":"2025-08-13T09:29:30","modified_gmt":"2025-08-13T15:29:30","slug":"inicia-la-segunda-etapa-de-remodelacion-de-la-presidencia-municipal-de-tula-de-allende-tras-mas-de-30-anos-sin-intervenciones","status":"publish","type":"post","link":"https:\/\/revistaacropolis.com\/index.php\/inicia-la-segunda-etapa-de-remodelacion-de-la-presidencia-municipal-de-tula-de-allende-tras-mas-de-30-anos-sin-intervenciones\/economia\/","title":{"rendered":"Inicia la segunda etapa de remodelaci\u00f3n de la presidencia municipal de Tula de Allende tras m\u00e1s de 30 a\u00f1os sin intervenciones"},"content":{"rendered":"\n<p><\/p>\n\n\n\n<p>Con el compromiso de dignificar los espacios laborales y fortalecer la atenci\u00f3n a la ciudadan\u00eda, el presidente de Tula de Allende, <strong>Cristhian Mart\u00ednez anunci\u00f3 el inicio de los trabajos de remodelaci\u00f3n de la Presidencia Municipal<\/strong>, un inmueble que por m\u00e1s de tres d\u00e9cadas no hab\u00eda sido intervenido de manera integral.<\/p>\n\n\n\n<p>Con una inversi\u00f3n de <strong>$2,306,455.90 pesos<\/strong>, esta obra tiene como objetivo <strong>mejorar la infraestructura f\u00edsica del edificio para ofrecer condiciones laborales m\u00e1s seguras y funcionales a las y los trabajadores<\/strong>, y con ello, <strong>elevar la calidad en el servicio que se brinda a la poblaci\u00f3n tulense.<\/strong><\/p>\n\n\n\n<p>Los trabajos de rehabilitaci\u00f3n contemplan intervenciones al interior del edificio, espec\u00edficamente en las oficinas de <strong>Obras P\u00fablicas, Sistemas, Tesorer\u00eda, Predial y Catastro<\/strong>, as\u00ed como en las escaleras y los sanitarios de la planta alta, donde se realizar\u00e1 una modernizaci\u00f3n general en instalaciones, acabados y condiciones estructurales.<\/p>\n\n\n\n<p>En el exterior del edificio se llevar\u00e1 a cabo la colocaci\u00f3n de base, tapa y rejilla para boca de tormenta en la banqueta, instalaci\u00f3n de bajadas de agua pluvial, y la reparaci\u00f3n del acceso principal de concreto, acciones que permitir\u00e1n un mejor manejo de aguas y mayor seguridad para quienes ingresan al inmueble.<\/p>\n\n\n\n<p><strong>Esta inversi\u00f3n forma parte de una estrategia integral del gobierno municipal para rescatar y modernizar espacios p\u00fablicos, <\/strong>apostando a la eficiencia administrativa, el bienestar del personal y una atenci\u00f3n ciudadana m\u00e1s \u00e1gil y digna.<br>De esta manera el gobierno de Tula de Allende reitera su compromiso con el desarrollo institucional y la mejora continua de los servicios p\u00fablicos, avanzando con paso firme hacia un municipio m\u00e1s ordenado, funcional y cercano a su gente.<\/p>\n","protected":false},"excerpt":{"rendered":"<p>Con el compromiso de dignificar los espacios laborales y fortalecer la atenci\u00f3n a la ciudadan\u00eda, el presidente de Tula de Allende, Cristhian Mart\u00ednez anunci\u00f3 el inicio de los trabajos de&hellip; <\/p>\n","protected":false},"author":17,"featured_media":21112,"comment_status":"closed","ping_status":"closed","sticky":false,"template":"","format":"standard","meta":{"two_page_speed":[],"_joinchat":[],"footnotes":""},"categories":[2658],"tags":[89,50,2776,2834],"class_list":["post-21111","post","type-post","status-publish","format-standard","has-post-thumbnail","hentry","category-economia","tag-hidalgo","tag-morena","tag-presidencia-municipal","tag-tula-de-allende"],"_links":{"self":[{"href":"https:\/\/revistaacropolis.com\/index.php\/wp-json\/wp\/v2\/posts\/21111","targetHints":{"allow":["GET"]}}],"collection":[{"href":"https:\/\/revistaacropolis.com\/index.php\/wp-json\/wp\/v2\/posts"}],"about":[{"href":"https:\/\/revistaacropolis.com\/index.php\/wp-json\/wp\/v2\/types\/post"}],"author":[{"embeddable":true,"href":"https:\/\/revistaacropolis.com\/index.php\/wp-json\/wp\/v2\/users\/17"}],"replies":[{"embeddable":true,"href":"https:\/\/revistaacropolis.com\/index.php\/wp-json\/wp\/v2\/comments?post=21111"}],"version-history":[{"count":1,"href":"https:\/\/revistaacropolis.com\/index.php\/wp-json\/wp\/v2\/posts\/21111\/revisions"}],"predecessor-version":[{"id":21113,"href":"https:\/\/revistaacropolis.com\/index.php\/wp-json\/wp\/v2\/posts\/21111\/revisions\/21113"}],"wp:featuredmedia":[{"embeddable":true,"href":"https:\/\/revistaacropolis.com\/index.php\/wp-json\/wp\/v2\/media\/21112"}],"wp:attachment":[{"href":"https:\/\/revistaacropolis.com\/index.php\/wp-json\/wp\/v2\/media?parent=21111"}],"wp:term":[{"taxonomy":"category","embeddable":true,"href":"https:\/\/revistaacropolis.com\/index.php\/wp-json\/wp\/v2\/categories?post=21111"},{"taxonomy":"post_tag","embeddable":true,"href":"https:\/\/revistaacropolis.com\/index.php\/wp-json\/wp\/v2\/tags?post=21111"}],"curies":[{"name":"wp","href":"https:\/\/api.w.org\/{rel}","templated":true}]}}