{"id":21215,"date":"2025-08-26T16:05:19","date_gmt":"2025-08-26T22:05:19","guid":{"rendered":"https:\/\/revistaacropolis.com\/?p=21215"},"modified":"2025-08-26T16:05:30","modified_gmt":"2025-08-26T22:05:30","slug":"cynthia-delgado-mendoza-presento-su-primer-informe-de-actividades-legislativas","status":"publish","type":"post","link":"https:\/\/revistaacropolis.com\/index.php\/cynthia-delgado-mendoza-presento-su-primer-informe-de-actividades-legislativas\/politica\/","title":{"rendered":"Cynthia Delgado Mendoza present\u00f3 su primer informe de actividades legislativas"},"content":{"rendered":"\n<p><strong>Cynthia Citlali Delgado Mendoza<\/strong>, diputada local por el Distrito V con cabecera en Ixmiquilpan, present\u00f3 su primer informe de actividades legislativas el pasado s\u00e1bado en la Plaza Ju\u00e1rez de Ixmiquilpan.<\/p>\n\n\n\n<p>Acompa\u00f1ada por ciudadanas, ciudadanos y diversas figuras p\u00fablicas, la legisladora de la bancada de Morena agradeci\u00f3 la asistencia y subray\u00f3 que este acto no solo representa el cumplimiento de un deber de rendici\u00f3n de cuentas, sino tambi\u00e9n un espacio de encuentro con la ciudadan\u00eda.<\/p>\n\n\n\n<p>\u201cEste informe no es un documento para presumir logros, es la memoria colectiva de lo que hemos construido juntos; refleja la fuerza de los pueblos que no esperan que la justicia llegue desde arriba, sino que se construye desde abajo, con organizaci\u00f3n, conciencia y dignidad\u201d, destac\u00f3.<\/p>\n\n\n\n<p>En su mensaje, la diputada inform\u00f3 que durante su primer a\u00f1o en el Congreso <strong>present\u00f3 58 iniciativas, de las cuales 17 fueron aprobadas<\/strong>, adem\u00e1s de haber participado en <strong>68 intervenciones en tribuna<\/strong>.<\/p>\n\n\n\n<p>Entre los temas relevantes de su trabajo legislativo mencion\u00f3 la promoci\u00f3n de una educaci\u00f3n ind\u00edgena verdaderamente intercultural y pluriling\u00fce, la creaci\u00f3n del registro de deudores alimentarios en el estado, y una reforma a la Ley Org\u00e1nica del Legislativo para <strong>garantizar consultas ind\u00edgenas peri\u00f3dicas<\/strong> en todos los procesos que involucren a los pueblos originarios.<\/p>\n\n\n\n<p>Asimismo, resalt\u00f3 su labor en <strong>siete comisiones legislativas<\/strong>, en las que se llevaron a cabo 56 sesiones y se resolvieron 438 asuntos. En cuanto a su participaci\u00f3n en el Pleno, asisti\u00f3 a <strong>96 de las 104 sesiones celebradas<\/strong>.<\/p>\n\n\n\n<p>En el \u00e1mbito de atenci\u00f3n ciudadana, detall\u00f3 que sostuvo <strong>161 audiencias<\/strong> en las que escuch\u00f3 a <strong>1,249 personas<\/strong> provenientes de 148 comunidades del Distrito V. Como resultado, entreg\u00f3 <strong>231 apoyos directos con una inversi\u00f3n total de 591 mil 100.53 pesos<\/strong>.<\/p>\n\n\n\n<p>Por municipios, en Ixmiquilpan se destinaron <strong>376 mil 958.22 pesos<\/strong>; en San Salvador, <strong>103 mil 344.50 pesos<\/strong>; en Santiago de Anaya, <strong>30 mil 843.31 pesos<\/strong>; en Cardonal, <strong>28 mil 338.08 pesos<\/strong>; y en Chilcuautla, <strong>19 mil 16.98 pesos<\/strong>.<\/p>\n\n\n\n<p><strong>Cifras Clave:<\/strong><\/p>\n\n\n\n<ul class=\"wp-block-list\">\n<li><strong>58 iniciativas presentadas<\/strong>, con 17 aprobadas.<\/li>\n\n\n\n<li><strong>68 intervenciones<\/strong> en tribuna.<\/li>\n\n\n\n<li><strong>7 comisiones<\/strong> con 56 sesiones y 438 asuntos resueltos.<\/li>\n\n\n\n<li><strong>96 asistencias<\/strong> de 104 sesiones en el Pleno.<\/li>\n\n\n\n<li><strong>161 audiencias ciudadanas<\/strong>, atendiendo a 1,249 personas de 148 comunidades.<\/li>\n\n\n\n<li><strong>231 apoyos directos<\/strong> entregados.<\/li>\n\n\n\n<li><strong>Inversi\u00f3n total en apoyos: 591 mil 100.53 pesos<\/strong>, distribuidos en:\n<ul class=\"wp-block-list\">\n<li><em>Ixmiquilpan:<\/em><strong> 376,958.22 pesos<\/strong><\/li>\n\n\n\n<li><em>San Salvador:<\/em> <strong>103,344.50 pesos<\/strong><\/li>\n\n\n\n<li><em>Santiago de Anaya:<\/em> <strong>30,843.31 pesos<\/strong><\/li>\n\n\n\n<li><em>Cardonal: <\/em><strong>28,338.08 pesos<\/strong><\/li>\n\n\n\n<li><em>Chilcuautla:<\/em> <strong>19,016.98 pesos<\/strong><\/li>\n<\/ul>\n<\/li>\n<\/ul>\n","protected":false},"excerpt":{"rendered":"<p>Cynthia Citlali Delgado Mendoza, diputada local por el Distrito V con cabecera en Ixmiquilpan, present\u00f3 su primer informe de actividades legislativas el pasado s\u00e1bado en la Plaza Ju\u00e1rez de Ixmiquilpan.&hellip; <\/p>\n","protected":false},"author":17,"featured_media":21216,"comment_status":"closed","ping_status":"closed","sticky":false,"template":"","format":"standard","meta":{"two_page_speed":[],"_joinchat":[],"footnotes":""},"categories":[1],"tags":[3151,3150,89,50,91],"class_list":["post-21215","post","type-post","status-publish","format-standard","has-post-thumbnail","hentry","category-politica","tag-actividades-legislativas","tag-cynthia-delgado","tag-hidalgo","tag-morena","tag-pachuca"],"_links":{"self":[{"href":"https:\/\/revistaacropolis.com\/index.php\/wp-json\/wp\/v2\/posts\/21215","targetHints":{"allow":["GET"]}}],"collection":[{"href":"https:\/\/revistaacropolis.com\/index.php\/wp-json\/wp\/v2\/posts"}],"about":[{"href":"https:\/\/revistaacropolis.com\/index.php\/wp-json\/wp\/v2\/types\/post"}],"author":[{"embeddable":true,"href":"https:\/\/revistaacropolis.com\/index.php\/wp-json\/wp\/v2\/users\/17"}],"replies":[{"embeddable":true,"href":"https:\/\/revistaacropolis.com\/index.php\/wp-json\/wp\/v2\/comments?post=21215"}],"version-history":[{"count":1,"href":"https:\/\/revistaacropolis.com\/index.php\/wp-json\/wp\/v2\/posts\/21215\/revisions"}],"predecessor-version":[{"id":21217,"href":"https:\/\/revistaacropolis.com\/index.php\/wp-json\/wp\/v2\/posts\/21215\/revisions\/21217"}],"wp:featuredmedia":[{"embeddable":true,"href":"https:\/\/revistaacropolis.com\/index.php\/wp-json\/wp\/v2\/media\/21216"}],"wp:attachment":[{"href":"https:\/\/revistaacropolis.com\/index.php\/wp-json\/wp\/v2\/media?parent=21215"}],"wp:term":[{"taxonomy":"category","embeddable":true,"href":"https:\/\/revistaacropolis.com\/index.php\/wp-json\/wp\/v2\/categories?post=21215"},{"taxonomy":"post_tag","embeddable":true,"href":"https:\/\/revistaacropolis.com\/index.php\/wp-json\/wp\/v2\/tags?post=21215"}],"curies":[{"name":"wp","href":"https:\/\/api.w.org\/{rel}","templated":true}]}}