{"id":21236,"date":"2025-08-28T14:55:38","date_gmt":"2025-08-28T20:55:38","guid":{"rendered":"https:\/\/revistaacropolis.com\/?p=21236"},"modified":"2025-08-28T14:55:40","modified_gmt":"2025-08-28T20:55:40","slug":"la-cultura-y-el-arte-en-defensa-de-estudiantes-y-sus-albergues-en-oaxaca","status":"publish","type":"post","link":"https:\/\/revistaacropolis.com\/index.php\/la-cultura-y-el-arte-en-defensa-de-estudiantes-y-sus-albergues-en-oaxaca\/arte-y-cultura\/","title":{"rendered":"La cultura y el arte en defensa de estudiantes y sus albergues en Oaxaca"},"content":{"rendered":"\n<h3 class=\"wp-block-heading\">\u2022 Calenda y acto cultural exigir\u00e1n alto a la persecuci\u00f3n contra estudiantes de Oaxaca.<\/h3>\n\n\n\n<h3 class=\"wp-block-heading\">\u2022 En todas las capitales de los estados del pa\u00eds la cultura y el arte pedir\u00e1n intervenci\u00f3n del gobierno de Oaxaca.<\/h3>\n\n\n\n<p>El pr\u00f3ximo <strong>s\u00e1bado 30 de agosto<\/strong>, el <strong>Ballet Nacional de Antorcha<\/strong> y al menos <strong>3 mil artistas de 32 compa\u00f1\u00edas o grupos culturales<\/strong>, realizar\u00e1n en todas las capitales de los estados una jornada cultural de protesta y de solidaridad con los estudiantes de Oaxaca que han estado sufriendo persecuci\u00f3n y represi\u00f3n.<\/p>\n\n\n\n<p>La actividad se sumar\u00e1 a la petici\u00f3n y exigencia de la <strong>Federaci\u00f3n Nacional de Estudiantes Revolucionarios \u201cRafael Ram\u00edrez\u201d (FNERRR)<\/strong> y de <strong>Antorcha<\/strong>, para que se detengan las agresiones contra los estudiantes y sus albergues y que intervenga el gobierno de Oaxaca para que se castigue y detenga a los agresores y se garantice seguridad a los j\u00f3venes oaxaque\u00f1os.<\/p>\n\n\n\n<p>Los artistas que promueven el arte y la cultura en todo el pa\u00eds \u2013mediante bailes, poes\u00eda, cantos, teatro y danzas\u2013 brindar\u00e1n apoyo para los estudiantes de Oaxaca, quienes el pasado <strong>5 de agosto<\/strong> fueron v\u00edctimas de un ataque armado. Esa noche, un grupo de veinte personas allan\u00f3 el <strong>Albergue Estudiantil \u201cVillas de Monte Alb\u00e1n\u201d<\/strong> y saque\u00f3 una tienda de abarrotes del Movimiento Antorchista. Con esa agresi\u00f3n ya suman tres actos represivos, vand\u00e1licos y de persecuci\u00f3n pol\u00edtica, sin que hasta el momento la autoridad competente haya intervenido.<\/p>\n\n\n\n<p>A decir de <strong>Rolando Reyes<\/strong>, dirigente de Antorcha en Oaxaca, y <strong>Anah\u00ed Mart\u00ednez<\/strong>, dirigente estatal de la FNERRR, en todos los estados se presentar\u00e1n actos culturales totalmente gratuitos. En Oaxaca, adem\u00e1s, habr\u00e1 una <strong>colorida calenda<\/strong> que partir\u00e1 de la <strong>Plaza de la Danza<\/strong> en punto de las <strong>4 de la tarde<\/strong> hacia la explanada del <strong>z\u00f3calo de Oaxaca de Ju\u00e1rez<\/strong>, donde el Ballet Nacional de Antorcha ofrecer\u00e1 un banquete art\u00edstico para mostrar que a la juventud no se le debe reprimir ni negar el derecho a tener una educaci\u00f3n de calidad.<\/p>\n\n\n\n<p>Los organizadores destacaron que promover el arte y la cultura es una forma de demostrar que los j\u00f3venes educados pueden llevar alegr\u00eda y felicidad a su pueblo, del cual han emergido.<\/p>\n\n\n\n<p>Por su parte, <strong>Vania Mej\u00eda<\/strong>, directora de los Grupos Culturales Nacionales del Movimiento Antorchista, refiri\u00f3 que en Oaxaca el gobierno de <strong>Salom\u00f3n Jara<\/strong> debe intervenir para que cesen las agresiones a los estudiantes y, en lugar de reprimirlos, los apoye para que concluyan su educaci\u00f3n profesional y se conviertan en hombres y mujeres que pongan en alto al estado de Oaxaca en M\u00e9xico y en el mundo.<\/p>\n\n\n\n<blockquote class=\"wp-block-quote is-layout-flow wp-block-quote-is-layout-flow\">\n<figure class=\"wp-block-pullquote\"><blockquote><p>\u201cCon nuestro arte y cultura, que mostraremos en 32 plazas p\u00fablicas, nos solidarizamos con los j\u00f3venes de la FNERRR y los mexicanos antorchistas; nuestra cultura y nuestro arte defiende a la juventud oaxaque\u00f1a y de todo M\u00e9xico.\u201d<\/p><\/blockquote><\/figure>\n<\/blockquote>\n","protected":false},"excerpt":{"rendered":"<p>\u2022 Calenda y acto cultural exigir\u00e1n alto a la persecuci\u00f3n contra estudiantes de Oaxaca. \u2022 En todas las capitales de los estados del pa\u00eds la cultura y el arte pedir\u00e1n&hellip; <\/p>\n","protected":false},"author":17,"featured_media":21237,"comment_status":"closed","ping_status":"closed","sticky":false,"template":"","format":"standard","meta":{"two_page_speed":[],"_joinchat":[],"footnotes":""},"categories":[2789],"tags":[3159,2536,89,3158],"class_list":["post-21236","post","type-post","status-publish","format-standard","has-post-thumbnail","hentry","category-arte-y-cultura","tag-cultura-y-arte","tag-estudiantes","tag-hidalgo","tag-oaxaca"],"_links":{"self":[{"href":"https:\/\/revistaacropolis.com\/index.php\/wp-json\/wp\/v2\/posts\/21236","targetHints":{"allow":["GET"]}}],"collection":[{"href":"https:\/\/revistaacropolis.com\/index.php\/wp-json\/wp\/v2\/posts"}],"about":[{"href":"https:\/\/revistaacropolis.com\/index.php\/wp-json\/wp\/v2\/types\/post"}],"author":[{"embeddable":true,"href":"https:\/\/revistaacropolis.com\/index.php\/wp-json\/wp\/v2\/users\/17"}],"replies":[{"embeddable":true,"href":"https:\/\/revistaacropolis.com\/index.php\/wp-json\/wp\/v2\/comments?post=21236"}],"version-history":[{"count":1,"href":"https:\/\/revistaacropolis.com\/index.php\/wp-json\/wp\/v2\/posts\/21236\/revisions"}],"predecessor-version":[{"id":21238,"href":"https:\/\/revistaacropolis.com\/index.php\/wp-json\/wp\/v2\/posts\/21236\/revisions\/21238"}],"wp:featuredmedia":[{"embeddable":true,"href":"https:\/\/revistaacropolis.com\/index.php\/wp-json\/wp\/v2\/media\/21237"}],"wp:attachment":[{"href":"https:\/\/revistaacropolis.com\/index.php\/wp-json\/wp\/v2\/media?parent=21236"}],"wp:term":[{"taxonomy":"category","embeddable":true,"href":"https:\/\/revistaacropolis.com\/index.php\/wp-json\/wp\/v2\/categories?post=21236"},{"taxonomy":"post_tag","embeddable":true,"href":"https:\/\/revistaacropolis.com\/index.php\/wp-json\/wp\/v2\/tags?post=21236"}],"curies":[{"name":"wp","href":"https:\/\/api.w.org\/{rel}","templated":true}]}}