{"id":21243,"date":"2025-09-01T17:52:01","date_gmt":"2025-09-01T23:52:01","guid":{"rendered":"https:\/\/revistaacropolis.com\/?p=21243"},"modified":"2025-09-01T17:52:02","modified_gmt":"2025-09-01T23:52:02","slug":"arranca-operativo-guardianes-escolares-regreso-a-clases-2025-en-tepeji-del-rio","status":"publish","type":"post","link":"https:\/\/revistaacropolis.com\/index.php\/arranca-operativo-guardianes-escolares-regreso-a-clases-2025-en-tepeji-del-rio\/politica\/","title":{"rendered":"Arranca Operativo \u201cGuardianes Escolares \u2013 Regreso a Clases 2025\u201d en Tepeji del R\u00edo"},"content":{"rendered":"\n<p>Con el liderazgo de la&nbsp;<strong>presidenta municipal Tania Valdez Cuellar<\/strong>, el&nbsp;<strong>Gobierno de Tepeji del R\u00edo<\/strong>&nbsp;puso en marcha el&nbsp;<strong>Operativo \u201cGuardianes Escolares: Regreso a Clases 2025\u201d<\/strong>, con el objetivo de&nbsp;<strong>garantizar seguridad y tranquilidad a ni\u00f1as, ni\u00f1os y j\u00f3venes<\/strong>&nbsp;en su regreso a las aulas.<\/p>\n\n\n\n<p>Este operativo contempla la&nbsp;<strong>presencia de elementos de la Secretar\u00eda de Seguridad P\u00fablica Municipal<\/strong>&nbsp;en entradas y salidas escolares, brindando&nbsp;<strong>vigilancia, orden vial y atenci\u00f3n inmediata<\/strong>&nbsp;ante cualquier eventualidad. Asimismo, a trav\u00e9s de la Direcci\u00f3n de Prevenci\u00f3n del Delito, se&nbsp;<strong>impartir\u00e1n pl\u00e1ticas y talleres<\/strong>&nbsp;en los planteles educativos sobre&nbsp;<strong>prevenci\u00f3n de violencia, adicciones, educaci\u00f3n vial y actuaci\u00f3n policial<\/strong>, fortaleciendo la cultura de la prevenci\u00f3n en la comunidad estudiantil.<\/p>\n\n\n\n<p>La presidenta Tania Valdez Cuellar destac\u00f3 que la&nbsp;<strong>seguridad de las familias tepejanas es prioridad<\/strong>, refrendando su compromiso de trabajar de la mano del pueblo para proteger lo m\u00e1s valioso: la ni\u00f1ez y la juventud.<\/p>\n\n\n\n<p>En este arranque se reconoci\u00f3 la labor de la Direcci\u00f3n de Educaci\u00f3n, encabezada por el Mtro. V\u00edctor Jonathan Reyes Gonz\u00e1lez, por su coordinaci\u00f3n con las escuelas, as\u00ed como el respaldo de la regidora Mtra. Tiffany Siomara Vela Monroy y autoridades municipales que se suman a este esfuerzo integral.<\/p>\n","protected":false},"excerpt":{"rendered":"<p>Con el liderazgo de la&nbsp;presidenta municipal Tania Valdez Cuellar, el&nbsp;Gobierno de Tepeji del R\u00edo&nbsp;puso en marcha el&nbsp;Operativo \u201cGuardianes Escolares: Regreso a Clases 2025\u201d, con el objetivo de&nbsp;garantizar seguridad y tranquilidad&hellip; <\/p>\n","protected":false},"author":17,"featured_media":21244,"comment_status":"closed","ping_status":"closed","sticky":false,"template":"","format":"standard","meta":{"two_page_speed":[],"_joinchat":[],"footnotes":""},"categories":[1],"tags":[1349,89,50,119,3099,181],"class_list":["post-21243","post","type-post","status-publish","format-standard","has-post-thumbnail","hentry","category-politica","tag-escuela","tag-hidalgo","tag-morena","tag-seph","tag-tania","tag-tula"],"_links":{"self":[{"href":"https:\/\/revistaacropolis.com\/index.php\/wp-json\/wp\/v2\/posts\/21243","targetHints":{"allow":["GET"]}}],"collection":[{"href":"https:\/\/revistaacropolis.com\/index.php\/wp-json\/wp\/v2\/posts"}],"about":[{"href":"https:\/\/revistaacropolis.com\/index.php\/wp-json\/wp\/v2\/types\/post"}],"author":[{"embeddable":true,"href":"https:\/\/revistaacropolis.com\/index.php\/wp-json\/wp\/v2\/users\/17"}],"replies":[{"embeddable":true,"href":"https:\/\/revistaacropolis.com\/index.php\/wp-json\/wp\/v2\/comments?post=21243"}],"version-history":[{"count":1,"href":"https:\/\/revistaacropolis.com\/index.php\/wp-json\/wp\/v2\/posts\/21243\/revisions"}],"predecessor-version":[{"id":21245,"href":"https:\/\/revistaacropolis.com\/index.php\/wp-json\/wp\/v2\/posts\/21243\/revisions\/21245"}],"wp:featuredmedia":[{"embeddable":true,"href":"https:\/\/revistaacropolis.com\/index.php\/wp-json\/wp\/v2\/media\/21244"}],"wp:attachment":[{"href":"https:\/\/revistaacropolis.com\/index.php\/wp-json\/wp\/v2\/media?parent=21243"}],"wp:term":[{"taxonomy":"category","embeddable":true,"href":"https:\/\/revistaacropolis.com\/index.php\/wp-json\/wp\/v2\/categories?post=21243"},{"taxonomy":"post_tag","embeddable":true,"href":"https:\/\/revistaacropolis.com\/index.php\/wp-json\/wp\/v2\/tags?post=21243"}],"curies":[{"name":"wp","href":"https:\/\/api.w.org\/{rel}","templated":true}]}}