{"id":2153,"date":"2023-03-23T18:37:32","date_gmt":"2023-03-23T18:37:32","guid":{"rendered":"https:\/\/revistaacropolis.com\/?p=2153"},"modified":"2023-03-23T20:29:58","modified_gmt":"2023-03-23T20:29:58","slug":"afirma-diputada-de-morena-que-lider-de-su-bancada-ofrecia-sobornos-de-50-mil-por-designaciones","status":"publish","type":"post","link":"https:\/\/revistaacropolis.com\/index.php\/afirma-diputada-de-morena-que-lider-de-su-bancada-ofrecia-sobornos-de-50-mil-por-designaciones\/politica\/","title":{"rendered":"Afirma diputada de Morena que l\u00edder de su bancada ofrec\u00eda sobornos de $50 mil por designaciones"},"content":{"rendered":"\n<p>La diputada local de Morena <strong>Sharon Macotela Cisneros acus\u00f3 al coordinador de su banda, Jorge Hern\u00e1ndez Araus, de ofrecer \u201csobornos\u201d de 50 mil pesos a sus compa\u00f1eros para votar a favor en distintas designaciones<\/strong> que efectu\u00f3 el Congreso de Hidalgo.<\/p>\n\n\n\n<p>En conferencia de prensa tras su amonestaci\u00f3n p\u00fablica en tribuna, sostuvo que el expresidente de la Junta de Gobierno ofert\u00f3 dinero <strong>para avalar la elecci\u00f3n de los titulares de la Comisi\u00f3n de Derechos Humanos del Estado Hidalgo (CDHEH) y la Auditor\u00eda Superior del Estado de Hidalgo (ASEH), as\u00ed como el Presupuesto de Egresos.<\/strong><\/p>\n\n\n\n<figure class=\"wp-block-pullquote\"><blockquote><p>\u00abDebi\u00f3 de haber variado las cantidades, pero hasta donde s\u00e9 al diputado No\u00e9 (Hern\u00e1ndez Bravo) y a la diputada Carmen (Lozano Moreno) les ofrec\u00eda 50 mil pesos (\u2026) Ojal\u00e1 pudieran recordar qui\u00e9n levant\u00f3 la mano en ese presupuesto (2022) a favor\u201d, dijo sobre lo que calific\u00f3 como \u00abcostumbres\u00bb.<\/p><\/blockquote><\/figure>\n\n\n\n<blockquote class=\"wp-block-quote is-layout-flow wp-block-quote-is-layout-flow\">\n<p>\u00ab\u00c9l sabe que yo s\u00e9 muchas cosas, pero ya no pienso seguir avergonzando m\u00e1s a mi movimiento solo para una persona, una manzana podrida, porque eso es, una manzana podrida, el cual yo le s\u00e9 m\u00e1s cosas, pero no lo dir\u00e9 por respeto a mi precioso movimiento\u00bb, expuso.<\/p>\n<\/blockquote>\n\n\n\n<p>Agreg\u00f3 que <strong>ver\u00e1 \u00abm\u00e1s adelante\u00bb si denuncia penalmente los sobornos que, afirma, ofrec\u00eda el el l\u00edder del grupo parlamentario de Morena en el Congreso local<\/strong> y lo cuales dijo no haber aceptado, la igual que algunos compa\u00f1eros. En su caso, expuso, los montos ofertado fueron distintos en cada votaci\u00f3n, pero no los precis\u00f3 \u00abporque ofender\u00edan a muchos ciudadanos\u00bb.<\/p>\n\n\n\n<p>Sostuvo que como testigos est\u00e1n los legisladores Lozano Moreno (Partido Verde) y Hern\u00e1ndez Bravo (Nueva Alianza), a quienes \u2013dijo\u2013 el expresidente de la Junta de Gobierno les pidi\u00f3 no tomar en cuenta porque \u00abno aceptaron sus condiciones\u00bb.<\/p>\n\n\n\n<p>Macotela Cisneros asever\u00f3 que para acreditar sus se\u00f1alamientos tiene &#8216;la voz de la verdad\u00bb.<\/p>\n\n\n\n<blockquote class=\"wp-block-quote is-layout-flow wp-block-quote-is-layout-flow\">\n<p>\u201c\u00bfCreen que si fuera mentira dir\u00eda de una persona de mi propia bancada?. \u00a1Jam\u00e1s!\u00bb, expuso.<\/p>\n<\/blockquote>\n\n\n\n<h3 class=\"wp-block-heading\">AMONESTACI\u00d3N, MOTIVADA POR EL PRI<\/h3>\n\n\n\n<p>La legisladora plurinominal sostuvo que <strong>la amonestaci\u00f3n p\u00fablica en su contra <\/strong>\u2013tras llamar en tribuna cobarde al diputado Juan Dios de Dios Pontigo Loyola y recordarle que en una ocasi\u00f3n public\u00f3 en redes sociales una imagen (la cual dijo que fue producto de un hackeo) en la que la comparaba con la bolsa peque\u00f1a de un pantal\u00f3n y se\u00f1alaba que son parte de las cosas que no se sabe para qu\u00e9 sirven\u2013 <strong>la sugiri\u00f3 el presidente de la Junta de Gobierno, el priista Julio Valera Piedras, y Hern\u00e1ndez Araus la \u00abmotivo\u00bb y respaldo.<\/strong><\/p>\n\n\n\n<p>Macotela Cisneros acus\u00f3 al morenista de \u00abobedecer a la oposici\u00f3n\u00bb. Adem\u00e1s, <strong>recrimin\u00f3 que su bancada no la defendi\u00f3,<\/strong> aunque dijo que algunos compa\u00f1eros no estuvieron de acuerdo.<\/p>\n\n\n\n<figure class=\"wp-block-pullquote\"><blockquote><p>\u00abEn la tribuna federal se dicen peores cosas y ah\u00ed no se dice nada, y ahora por qu\u00e9 s\u00ed, porque es muy evidente el compa\u00f1erismo de los diputados de la Junta (de Gobierno) que est\u00e1 compuesta por puros hombres (\u2026) Es injusta, estoy esperando la notificaci\u00f3n para defenderme legalmente\u00bb, dijo.<\/p><\/blockquote><\/figure>\n\n\n\n<p>Asimismo, <strong>afirm\u00f3 que el legislador integrante de Grupo Universidad nunca le permiti\u00f3 tener una posici\u00f3n en la mesa directiva cuando era presidente de la Junta de Gobierno (de diciembre de 2021 a principios de septiembre de 2022)<\/strong>, y que \u00abdesuni\u00f3\u00bb de la bancada morenista.<\/p>\n\n\n\n<div class=\"wp-block-query is-layout-flow wp-block-query-is-layout-flow\"><ul class=\"wp-block-post-template is-layout-flow wp-block-post-template-is-layout-flow\"><li class=\"wp-block-post post-23409 post type-post status-publish format-standard has-post-thumbnail hentry category-sociedad tag-cecilia-del-rayo-vargas-chacon tag-desayuno-empresarial tag-hidalgo tag-paola-cruz tag-redmuem tag-silvino-lopez-tovar\">\n\n<div class=\"wp-block-columns are-vertically-aligned-center is-layout-flex wp-container-core-columns-is-layout-9d6595d7 wp-block-columns-is-layout-flex\">\n<div class=\"wp-block-column is-vertically-aligned-center is-layout-flow wp-block-column-is-layout-flow\" style=\"flex-basis:25%\"><figure class=\"wp-block-post-featured-image\"><a href=\"https:\/\/revistaacropolis.com\/index.php\/redmuem-hidalgo-fortalece-su-comunidad-empresarial-en-desayuno-exclusivo\/sociedad\/\" target=\"_self\"  ><img fetchpriority=\"high\" decoding=\"async\" width=\"2049\" height=\"1152\" src=\"https:\/\/revistaacropolis.com\/wp-content\/uploads\/2026\/04\/Portadas-Paginas-web-2026-04-30T125532.404.png\" class=\"attachment-post-thumbnail size-post-thumbnail wp-post-image\" alt=\"Redmuem Hidalgo fortalece su comunidad empresarial en desayuno exclusivo\" style=\"object-fit:cover;\" srcset=\"https:\/\/revistaacropolis.com\/wp-content\/uploads\/2026\/04\/Portadas-Paginas-web-2026-04-30T125532.404.png 2049w, https:\/\/revistaacropolis.com\/wp-content\/uploads\/2026\/04\/Portadas-Paginas-web-2026-04-30T125532.404-300x169.png 300w, https:\/\/revistaacropolis.com\/wp-content\/uploads\/2026\/04\/Portadas-Paginas-web-2026-04-30T125532.404-1024x576.png 1024w, https:\/\/revistaacropolis.com\/wp-content\/uploads\/2026\/04\/Portadas-Paginas-web-2026-04-30T125532.404-768x432.png 768w, https:\/\/revistaacropolis.com\/wp-content\/uploads\/2026\/04\/Portadas-Paginas-web-2026-04-30T125532.404-1536x864.png 1536w, https:\/\/revistaacropolis.com\/wp-content\/uploads\/2026\/04\/Portadas-Paginas-web-2026-04-30T125532.404-600x337.png 600w\" sizes=\"(max-width: 2049px) 100vw, 2049px\" \/><\/a><\/figure><\/div>\n\n\n\n<div class=\"wp-block-column is-vertically-aligned-center is-layout-flow wp-block-column-is-layout-flow\" style=\"flex-basis:75%\"><h2 class=\"wp-block-post-title has-small-font-size\"><a href=\"https:\/\/revistaacropolis.com\/index.php\/redmuem-hidalgo-fortalece-su-comunidad-empresarial-en-desayuno-exclusivo\/sociedad\/\" target=\"_self\" >Redmuem Hidalgo fortalece su comunidad empresarial en desayuno exclusivo<\/a><\/h2><\/div>\n<\/div>\n\n<\/li><li class=\"wp-block-post post-23402 post type-post status-publish format-standard has-post-thumbnail hentry category-sociedad tag-cristhian-martinez tag-feria-del-helado-artesanal-2026 tag-hidalgo tag-tula-de-allende tag-turismo\">\n\n<div class=\"wp-block-columns are-vertically-aligned-center is-layout-flex wp-container-core-columns-is-layout-9d6595d7 wp-block-columns-is-layout-flex\">\n<div class=\"wp-block-column is-vertically-aligned-center is-layout-flow wp-block-column-is-layout-flow\" style=\"flex-basis:25%\"><figure class=\"wp-block-post-featured-image\"><a href=\"https:\/\/revistaacropolis.com\/index.php\/impulsa-cristhian-martinez-el-turismo-la-cultura-y-la-gastronomia-con-la-feria-del-helado-artesanal-2026\/sociedad\/\" target=\"_self\"  ><img decoding=\"async\" width=\"2049\" height=\"1152\" src=\"https:\/\/revistaacropolis.com\/wp-content\/uploads\/2026\/04\/Portadas-Paginas-web-2026-04-29T124657.299.png\" class=\"attachment-post-thumbnail size-post-thumbnail wp-post-image\" alt=\"Impulsa Cristhian Mart\u00ednez el turismo, la cultura y la gastronom\u00eda con la Feria del Helado Artesanal 2026\" style=\"object-fit:cover;\" srcset=\"https:\/\/revistaacropolis.com\/wp-content\/uploads\/2026\/04\/Portadas-Paginas-web-2026-04-29T124657.299.png 2049w, https:\/\/revistaacropolis.com\/wp-content\/uploads\/2026\/04\/Portadas-Paginas-web-2026-04-29T124657.299-300x169.png 300w, https:\/\/revistaacropolis.com\/wp-content\/uploads\/2026\/04\/Portadas-Paginas-web-2026-04-29T124657.299-1024x576.png 1024w, https:\/\/revistaacropolis.com\/wp-content\/uploads\/2026\/04\/Portadas-Paginas-web-2026-04-29T124657.299-768x432.png 768w, https:\/\/revistaacropolis.com\/wp-content\/uploads\/2026\/04\/Portadas-Paginas-web-2026-04-29T124657.299-1536x864.png 1536w, https:\/\/revistaacropolis.com\/wp-content\/uploads\/2026\/04\/Portadas-Paginas-web-2026-04-29T124657.299-600x337.png 600w\" sizes=\"(max-width: 2049px) 100vw, 2049px\" \/><\/a><\/figure><\/div>\n\n\n\n<div class=\"wp-block-column is-vertically-aligned-center is-layout-flow wp-block-column-is-layout-flow\" style=\"flex-basis:75%\"><h2 class=\"wp-block-post-title has-small-font-size\"><a href=\"https:\/\/revistaacropolis.com\/index.php\/impulsa-cristhian-martinez-el-turismo-la-cultura-y-la-gastronomia-con-la-feria-del-helado-artesanal-2026\/sociedad\/\" target=\"_self\" >Impulsa Cristhian Mart\u00ednez el turismo, la cultura y la gastronom\u00eda con la Feria del Helado Artesanal 2026<\/a><\/h2><\/div>\n<\/div>\n\n<\/li><\/ul><\/div>\n\n\n\n<h3 class=\"wp-block-heading\">DatoAcro<\/h3>\n\n\n\n<p><br>&#8211;<em>La diputada asever\u00f3 que Pontigo Loyola es el \u201cautor de embestida\u201d en su contra. Dijo que la violent\u00f3 con su publicaci\u00f3n en redes sociales y no le ofrecer\u00e1 disculpas por ser \u201ccobarde y mis\u00f3gino\u201d. Adem\u00e1s, afirm\u00f3 que es \u201cmentira\u201d que lo hackearon<\/em>.<\/p>\n\n\n\n<p>&#8211;<em>Asegur\u00f3 que la acusaci\u00f3n en su contra por discriminaci\u00f3n a un trabajador adulto mayor del Congreso local es \u00abmotivada por la oposici\u00f3n\u201d. Acus\u00f3 que detr\u00e1s estuvo el presidente de la Junta de Gobierno. Neg\u00f3 los insultos al empleado, quien afirma que lo llam\u00f3 \u201cflaco, viejo y feo\u201d, y lo calific\u00f3 como \u00abataque\u00bb en su contra<\/em>.<\/p>\n","protected":false},"excerpt":{"rendered":"<p>La diputada local de Morena Sharon Macotela Cisneros acus\u00f3 al coordinador de su banda, Jorge Hern\u00e1ndez Araus, de ofrecer \u201csobornos\u201d de 50 mil pesos a sus compa\u00f1eros para votar a&hellip; <\/p>\n","protected":false},"author":4,"featured_media":2154,"comment_status":"closed","ping_status":"closed","sticky":false,"template":"","format":"standard","meta":{"two_page_speed":[],"_joinchat":[],"footnotes":""},"categories":[1],"tags":[584,245,50,475],"class_list":["post-2153","post","type-post","status-publish","format-standard","has-post-thumbnail","hentry","category-politica","tag-araus","tag-congreso","tag-morena","tag-sharon-macotela"],"_links":{"self":[{"href":"https:\/\/revistaacropolis.com\/index.php\/wp-json\/wp\/v2\/posts\/2153","targetHints":{"allow":["GET"]}}],"collection":[{"href":"https:\/\/revistaacropolis.com\/index.php\/wp-json\/wp\/v2\/posts"}],"about":[{"href":"https:\/\/revistaacropolis.com\/index.php\/wp-json\/wp\/v2\/types\/post"}],"author":[{"embeddable":true,"href":"https:\/\/revistaacropolis.com\/index.php\/wp-json\/wp\/v2\/users\/4"}],"replies":[{"embeddable":true,"href":"https:\/\/revistaacropolis.com\/index.php\/wp-json\/wp\/v2\/comments?post=2153"}],"version-history":[{"count":2,"href":"https:\/\/revistaacropolis.com\/index.php\/wp-json\/wp\/v2\/posts\/2153\/revisions"}],"predecessor-version":[{"id":2160,"href":"https:\/\/revistaacropolis.com\/index.php\/wp-json\/wp\/v2\/posts\/2153\/revisions\/2160"}],"wp:featuredmedia":[{"embeddable":true,"href":"https:\/\/revistaacropolis.com\/index.php\/wp-json\/wp\/v2\/media\/2154"}],"wp:attachment":[{"href":"https:\/\/revistaacropolis.com\/index.php\/wp-json\/wp\/v2\/media?parent=2153"}],"wp:term":[{"taxonomy":"category","embeddable":true,"href":"https:\/\/revistaacropolis.com\/index.php\/wp-json\/wp\/v2\/categories?post=2153"},{"taxonomy":"post_tag","embeddable":true,"href":"https:\/\/revistaacropolis.com\/index.php\/wp-json\/wp\/v2\/tags?post=2153"}],"curies":[{"name":"wp","href":"https:\/\/api.w.org\/{rel}","templated":true}]}}