{"id":21947,"date":"2025-12-08T12:31:03","date_gmt":"2025-12-08T18:31:03","guid":{"rendered":"https:\/\/revistaacropolis.com\/?p=21947"},"modified":"2025-12-08T12:31:15","modified_gmt":"2025-12-08T18:31:15","slug":"celebra-canadevi-cierre-de-ano-con-cena","status":"publish","type":"post","link":"https:\/\/revistaacropolis.com\/index.php\/celebra-canadevi-cierre-de-ano-con-cena\/empresarial\/","title":{"rendered":"Celebra Canadevi cierre de a\u00f1o con cena"},"content":{"rendered":"\n<p>La <strong>C\u00e1mara Nacional de la Industria de Desarrollo y Promoci\u00f3n de Vivienda (Canadevi) Hidalgo<\/strong> celebr\u00f3 su <strong>cena de fin de a\u00f1o<\/strong>, en la que su presidente, <strong>Miguel \u00c1ngel Jim\u00e9nez<\/strong> , destac\u00f3 el <strong>papel del sector en el desarrollo econ\u00f3mico y social del estado<\/strong>.\u00a0<\/p>\n\n\n\n<p>Ante desarrolladores, autoridades y representantes empresariales, subray\u00f3 que la <strong>vivienda es un elemento esencial para fortalecer las comunidades<\/strong> y generar bienestar.<\/p>\n\n\n\n<p>Jim\u00e9nez resalt\u00f3 los avances del <strong>programa federal Vivienda del Bienestar<\/strong> , donde Hidalgo participa activamente. Inform\u00f3 que existen alrededor de <strong>40 mil viviendas en an\u00e1lisis y entre 7 y 8 mil en proceso de arranque<\/strong> , lo que demuestra el compromiso del gremio.<\/p>\n\n\n\n<figure class=\"wp-block-pullquote\"><blockquote><p><strong>\u201cLa vivienda no es solo un producto inmobiliario, es un instrumento de bienestar y progreso social\u201d<\/strong> , afirm\u00f3.<\/p><\/blockquote><\/figure>\n\n\n\n<p>Reconoci\u00f3 tambi\u00e9n a un equipo hidalguense galardonado con el <strong>Premio a la Innovaci\u00f3n y Buenas Pr\u00e1cticas 2025 por la modernizaci\u00f3n integral del sistema h\u00eddrico<\/strong> , as\u00ed como la creaci\u00f3n de una <strong>beca conjunta con el Tecnol\u00f3gico de Monterrey<\/strong> para apoyar a j\u00f3venes sin recursos.<\/p>\n\n\n\n<figure class=\"wp-block-pullquote\"><blockquote><p><strong>\u201cTenemos una responsabilidad social que va m\u00e1s all\u00e1 de construir casas. D trata de transformar vidas\u201d<\/strong> , expres\u00f3.<\/p><\/blockquote><\/figure>\n\n\n\n<p>Durante el encuentro tambi\u00e9n participaron autoridades que coincidieron en la importancia de <strong>planear con orden y responsabilidad el crecimiento urbano<\/strong> .&nbsp;<\/p>\n\n\n\n<p>El <strong>alcalde de Pachuca, Jorge Reyes Hern\u00e1ndez<\/strong> , se\u00f1al\u00f3 que la <strong>coordinaci\u00f3n entre gobierno y desarrolladores es clave<\/strong> para corregir pr\u00e1cticas del pasado y garantizar servicios adecuados en los nuevos fraccionamientos.<\/p>\n\n\n\n<p>A la cena asistieron como <strong>invitados especiales<\/strong> : <strong>Jorge Reyes Hern\u00e1ndez<\/strong> , presidente municipal de Pachuca; <strong>Andr\u00e9s V\u00e1zquez<\/strong> , presidente de la Junta de Gobierno del Congreso de Hidalgo; <strong>Carlos Henkel<\/strong> , secretario de Desarrollo Econ\u00f3mico del estado; y <strong>Alejandro S\u00e1nchez Ram\u00edrez<\/strong> , presidente del Consejo Coordinador Empresarial de Hidalgo.<\/p>\n","protected":false},"excerpt":{"rendered":"<p>La C\u00e1mara Nacional de la Industria de Desarrollo y Promoci\u00f3n de Vivienda (Canadevi) Hidalgo celebr\u00f3 su cena de fin de a\u00f1o, en la que su presidente, Miguel \u00c1ngel Jim\u00e9nez ,&hellip; <\/p>\n","protected":false},"author":17,"featured_media":21948,"comment_status":"closed","ping_status":"closed","sticky":false,"template":"","format":"standard","meta":{"two_page_speed":[],"_joinchat":[],"footnotes":""},"categories":[39],"tags":[2430,89,2793,2648,91],"class_list":["post-21947","post","type-post","status-publish","format-standard","has-post-thumbnail","hentry","category-empresarial","tag-canadevi","tag-hidalgo","tag-inmobiliaria","tag-jorge-reyes","tag-pachuca"],"_links":{"self":[{"href":"https:\/\/revistaacropolis.com\/index.php\/wp-json\/wp\/v2\/posts\/21947","targetHints":{"allow":["GET"]}}],"collection":[{"href":"https:\/\/revistaacropolis.com\/index.php\/wp-json\/wp\/v2\/posts"}],"about":[{"href":"https:\/\/revistaacropolis.com\/index.php\/wp-json\/wp\/v2\/types\/post"}],"author":[{"embeddable":true,"href":"https:\/\/revistaacropolis.com\/index.php\/wp-json\/wp\/v2\/users\/17"}],"replies":[{"embeddable":true,"href":"https:\/\/revistaacropolis.com\/index.php\/wp-json\/wp\/v2\/comments?post=21947"}],"version-history":[{"count":1,"href":"https:\/\/revistaacropolis.com\/index.php\/wp-json\/wp\/v2\/posts\/21947\/revisions"}],"predecessor-version":[{"id":21949,"href":"https:\/\/revistaacropolis.com\/index.php\/wp-json\/wp\/v2\/posts\/21947\/revisions\/21949"}],"wp:featuredmedia":[{"embeddable":true,"href":"https:\/\/revistaacropolis.com\/index.php\/wp-json\/wp\/v2\/media\/21948"}],"wp:attachment":[{"href":"https:\/\/revistaacropolis.com\/index.php\/wp-json\/wp\/v2\/media?parent=21947"}],"wp:term":[{"taxonomy":"category","embeddable":true,"href":"https:\/\/revistaacropolis.com\/index.php\/wp-json\/wp\/v2\/categories?post=21947"},{"taxonomy":"post_tag","embeddable":true,"href":"https:\/\/revistaacropolis.com\/index.php\/wp-json\/wp\/v2\/tags?post=21947"}],"curies":[{"name":"wp","href":"https:\/\/api.w.org\/{rel}","templated":true}]}}