{"id":21963,"date":"2025-12-08T17:59:07","date_gmt":"2025-12-08T23:59:07","guid":{"rendered":"https:\/\/revistaacropolis.com\/?p=21963"},"modified":"2025-12-08T17:59:10","modified_gmt":"2025-12-08T23:59:10","slug":"dignifican-el-parque-chamizal-san-marcos-en-tula-con-una-inversion-historica","status":"publish","type":"post","link":"https:\/\/revistaacropolis.com\/index.php\/dignifican-el-parque-chamizal-san-marcos-en-tula-con-una-inversion-historica\/politica\/","title":{"rendered":"Dignifican el Parque Chamizal\u2013San Marcos en Tula con una inversi\u00f3n hist\u00f3rica"},"content":{"rendered":"\n<p>El <strong>Gobierno Municipal de Tula de Allende inaugur\u00f3 la rehabilitaci\u00f3n del parque Chamizal\u2013San Marcos<\/strong>, una obra encabezada por el <strong>alcalde Cristhian Mart\u00ednez<\/strong> y que representa un paso firme en la <strong>recuperaci\u00f3n de espacios p\u00fablicos afectados por las inundaciones<\/strong> de hace cuatro a\u00f1os. Con una <strong>inversi\u00f3n superior a los 4 millones de pesos<\/strong>, el parque ahora cuenta con \u00e1reas verdes, andadores e iluminaci\u00f3n, mejorando la convivencia y calidad de vida de la ciudadan\u00eda. La administraci\u00f3n municipal fortalece la infraestructura comunitaria para en todos los tulenses.<\/p>\n\n\n\n<hr class=\"wp-block-separator has-alpha-channel-opacity\"\/>\n\n\n\n<p><strong>Culmina con \u00e9xito el XIV Festival de los 4 Gigantes en Tula de Allende<\/strong><\/p>\n\n\n\n<p>El <strong>XIV Festival de los 4 Gigantes reuni\u00f3 a cerca de seis mil visitantes<\/strong> durante sus dos d\u00edas de actividades, impulsando la econom\u00eda local y posicionando a Tula de Allende como un verdadero Pueblo con Sabor. El centro de la ciudad se convierte en un punto de encuentro para familias, turistas y amantes de la gastronom\u00eda regional. El festival incluy\u00f3 los <strong>concursos \u201cReyes del Conejo\u201d y \u201cPremio Mayahuel\u201d<\/strong> , que celebraron la cocina tradicional y los curados de pulque. Artesanos locales y de otros estados participaron con gran \u00e9xito, generando una importante derrama econ\u00f3mica.<\/p>\n\n\n\n<hr class=\"wp-block-separator has-alpha-channel-opacity\"\/>\n\n\n\n<p><strong>Inauguran la rehabilitaci\u00f3n de la calle Moctezuma y Heroico Colegio Militar en Tula<\/strong><\/p>\n\n\n\n<p>Con una <strong>inversi\u00f3n superior a los 8 millones de pesos<\/strong> , el presidente municipal Cristhian Mart\u00ednez inaugur\u00f3 la <strong>rehabilitaci\u00f3n integral de la calle Moctezuma y parte del Heroico Colegio Militar<\/strong> , una obra largamente esperada en el centro de Tula. La obra incluye <strong>pavimentaci\u00f3n hidr\u00e1ulica, banquetes nuevos, modernizaci\u00f3n de drenaje, agua potable y alumbrado p\u00fablico, adem\u00e1s de la instalaci\u00f3n subterr\u00e1nea de cableado el\u00e9ctrico e internet<\/strong> . Con este proyecto concluido, el gobierno municipal reafirma su visi\u00f3n de futuro, privilegiando la transparencia y un desarrollo urbano sustentable para las familias tulenses.<\/p>\n\n\n\n<hr class=\"wp-block-separator has-alpha-channel-opacity\"\/>\n\n\n\n<p><strong>Tula impulsa la profesionalizaci\u00f3n del sector tur\u00edstico con el Distintivo M<\/strong><\/p>\n\n\n\n<p><strong>Prestadores de servicios tur\u00edsticos en Tula contin\u00faan su proceso de capacitaci\u00f3n para obtener el Distintivo M<\/strong> del programa Moderniza, una certificaci\u00f3n que promueve la mejora continua dentro del sector. Con estas acciones, el municipio refuerza su compromiso de elevar la calidad y competitividad de quienes integran la cadena tur\u00edstica. Este distintivo representa m\u00e1s que un reconocimiento: es una <strong>garant\u00eda de crecimiento, eficiencia y excelencia en la atenci\u00f3n al visitante<\/strong> . A trav\u00e9s de la profesionalizaci\u00f3n y el fortalecimiento de habilidades, Tula consolida un turismo m\u00e1s preparado, confiable y orientado a brindar mejores experiencias.<\/p>\n","protected":false},"excerpt":{"rendered":"<p>El Gobierno Municipal de Tula de Allende inaugur\u00f3 la rehabilitaci\u00f3n del parque Chamizal\u2013San Marcos, una obra encabezada por el alcalde Cristhian Mart\u00ednez y que representa un paso firme en la&hellip; <\/p>\n","protected":false},"author":17,"featured_media":21964,"comment_status":"closed","ping_status":"closed","sticky":false,"template":"","format":"standard","meta":{"two_page_speed":[],"_joinchat":[],"footnotes":""},"categories":[1,57],"tags":[89,50,3284],"class_list":["post-21963","post","type-post","status-publish","format-standard","has-post-thumbnail","hentry","category-politica","category-sociedad","tag-hidalgo","tag-morena","tag-tula-de-allende-2"],"_links":{"self":[{"href":"https:\/\/revistaacropolis.com\/index.php\/wp-json\/wp\/v2\/posts\/21963","targetHints":{"allow":["GET"]}}],"collection":[{"href":"https:\/\/revistaacropolis.com\/index.php\/wp-json\/wp\/v2\/posts"}],"about":[{"href":"https:\/\/revistaacropolis.com\/index.php\/wp-json\/wp\/v2\/types\/post"}],"author":[{"embeddable":true,"href":"https:\/\/revistaacropolis.com\/index.php\/wp-json\/wp\/v2\/users\/17"}],"replies":[{"embeddable":true,"href":"https:\/\/revistaacropolis.com\/index.php\/wp-json\/wp\/v2\/comments?post=21963"}],"version-history":[{"count":1,"href":"https:\/\/revistaacropolis.com\/index.php\/wp-json\/wp\/v2\/posts\/21963\/revisions"}],"predecessor-version":[{"id":21965,"href":"https:\/\/revistaacropolis.com\/index.php\/wp-json\/wp\/v2\/posts\/21963\/revisions\/21965"}],"wp:featuredmedia":[{"embeddable":true,"href":"https:\/\/revistaacropolis.com\/index.php\/wp-json\/wp\/v2\/media\/21964"}],"wp:attachment":[{"href":"https:\/\/revistaacropolis.com\/index.php\/wp-json\/wp\/v2\/media?parent=21963"}],"wp:term":[{"taxonomy":"category","embeddable":true,"href":"https:\/\/revistaacropolis.com\/index.php\/wp-json\/wp\/v2\/categories?post=21963"},{"taxonomy":"post_tag","embeddable":true,"href":"https:\/\/revistaacropolis.com\/index.php\/wp-json\/wp\/v2\/tags?post=21963"}],"curies":[{"name":"wp","href":"https:\/\/api.w.org\/{rel}","templated":true}]}}